{"id":3060,"date":"2020-07-08T13:04:19","date_gmt":"2020-07-08T18:04:19","guid":{"rendered":"http:\/\/inforedguanajuato.com\/?p=3060"},"modified":"2020-07-08T13:04:19","modified_gmt":"2020-07-08T18:04:19","slug":"reinician-labores-el-dia-de-manana-las-guarderias-del-imss","status":"publish","type":"post","link":"https:\/\/inforedguanajuato.com\/?p=3060","title":{"rendered":"REINICIAN LABORES EL D\u00cdA DE MA\u00d1ANA LAS  GUARDERIAS DEL IMSS."},"content":{"rendered":"<p><!--more--><\/p>\n<p>Ciudad de M\u00e9xico, mi\u00e9rcoles 8 de julio de 2020.- Guarder\u00edas del IMSS retomar\u00e1n actividades con un protocolo sanitario estricto a partir del 9 de julio Con la finalidad de ayudar a que las madres trabajadoras usuarias del servicio de guarder\u00eda que se encuentran laborando en actividades esenciales no pierdan su empleo, el reinicio de actividades en estas unidades del Instituto Mexicano del Seguro Social (IMSS) se realizar\u00e1 ma\u00f1ana 9 de julio, con apego a las recomendaciones de la Secretar\u00eda de Salud y de acuerdo con el sem\u00e1foro de riesgo epidemiol\u00f3gico establecido por el gobierno federal y las disposiciones de los gobiernos estatales.<\/p>\n<p>El servicio de guarder\u00eda est\u00e1 considerado como una de las actividades esenciales que podr\u00e1n tener operaciones, conforme al \u201cACUERDO por el que se establecen acciones extraordinarias para atender la emergencia sanitaria generada por el virus SARS-CoV2 de la Secretar\u00eda de Salud, publicado en el Diario Oficial de la Federaci\u00f3n el 31 de marzo de 2020\u201d.<\/p>\n<p>Despu\u00e9s de la encuesta para conocer cu\u00e1ntas usuarias se encuentran laborando en actividades esenciales y requieren el servicio para sus hijos, se analiz\u00f3 la necesidad y se determin\u00f3 la fecha de reapertura con una operaci\u00f3n diferenciada de acuerdo al sem\u00e1foro epidemiol\u00f3gico por localidad.<\/p>\n<p>De esta manera, si una unidad se encuentra en una localidad con sem\u00e1foro epidemiol\u00f3gico en rojo, s\u00f3lo se atender\u00e1 a hijos de trabajadoras en actividades esenciales y en un 25% de la capacidad; en sem\u00e1foro naranja, se incluir\u00e1 a madres que est\u00e9n trabajando sin importar si se trata de actividad esencial y se atender\u00e1 en un 50% de la capacidad de la guarder\u00eda; en sem\u00e1foro amarillo ser\u00e1 en un 75% de la capacidad, hasta llegar al 100% en sem\u00e1foro verde.<\/p>\n<p>Para la operaci\u00f3n de las unidades se tiene considerado un protocolo sanitario seguro, basado en evidencias cient\u00edficas s\u00f3lidas, con el fin de que las guarder\u00edas sean el mejor lugar para la estancia de los ni\u00f1os.<\/p>\n<p>Entre las principales acciones que se deber\u00e1n seguir dentro de las instalaciones destacan el fortalecimiento de medidas generales de salud, higiene y limpieza, tales como: sana distancia, lavado de manos con t\u00e9cnica de la Organizaci\u00f3n Mundial de la Salud y el uso de cubrebocas y careta por parte del personal que atiende directamente a las ni\u00f1as y los ni\u00f1os.<\/p>\n<p>Asimismo, se reforzar\u00e1n las acciones del filtro sanitario para ni\u00f1os, adultos y personal de la guarder\u00eda, que contempla la instalaci\u00f3n de una estaci\u00f3n de higiene en el vest\u00edbulo; se sanitizar\u00e1n las suelas de los zapatos mediante un rociador o tapete sanitizante, se aplicar\u00e1 gel a base de alcohol al 60-80% en manos (excepto a lactantes) y se medir\u00e1 la temperatura con term\u00f3metro infrarrojo.<\/p>\n<p>En caso de que un ni\u00f1o sea identificado con fiebre o datos de enfermedad transmisible, se emitir\u00e1 un formato de Valoraci\u00f3n M\u00e9dica para que sea llevado por sus padres a la Unidad M\u00e9dica Familiar que le corresponde.<\/p>\n<p>En el supuesto de que se confirmara un caso o casos de COVID-19 en alguno de los centros de atenci\u00f3n infantil del IMSS, se seguir\u00e1n las recomendaciones emitidas por el Responsable de Vigilancia Epidemiol\u00f3gica de la Unidad M\u00e9dica de apoyo; el tiempo de suspensi\u00f3n de actividades y las medidas de aislamiento que se requieran quedar\u00e1n supeditados a las indicaciones del \u00c1rea de Vigilancia Epidemiol\u00f3gica del Seguro Social.<\/p>\n<p>En cuanto al personal de las guarder\u00edas, es importante destacar que recibieron capacitaci\u00f3n sobre COVID-19 durante la Jornada Nacional de Sana Distancia, tuvieron a su disposici\u00f3n diversos cursos en l\u00ednea en la plataforma <a href=\"http:\/\/www.climss.imss.gob.mx\">www.climss.imss.gob.mx<\/a>: \u201cTodo sobre la Prevenci\u00f3n del COVID -19\u201d, &#8220;Plan de acci\u00f3n para el hogar ante COVID-19&#8243;, \u201cAtenci\u00f3n, Cuidado y Desarrollo Integral Infantil&#8221; y \u201cRetorno seguro al trabajo en guarder\u00edas\u201d.<\/p>\n<p>Las medidas y protocolos sanitarios que deber\u00e1n seguirse han sido difundidos a los \u00d3rganos de Operaci\u00f3n Administrativa Desconcentrada en todo el pa\u00eds para que a su vez se hagan llegar y se vigile su aplicaci\u00f3n en las guarder\u00edas de prestaci\u00f3n directa e indirecta.<\/p>\n<p>El Instituto Mexicano del Seguro Social est\u00e1 comprometido con el inter\u00e9s superior de la ni\u00f1ez y es solidario con sus asegurados.<\/p>\n","protected":false},"excerpt":{"rendered":"","protected":false},"author":1,"featured_media":3061,"comment_status":"open","ping_status":"open","sticky":false,"template":"","format":"standard","meta":[],"categories":[1],"tags":[],"_links":{"self":[{"href":"https:\/\/inforedguanajuato.com\/index.php?rest_route=\/wp\/v2\/posts\/3060"}],"collection":[{"href":"https:\/\/inforedguanajuato.com\/index.php?rest_route=\/wp\/v2\/posts"}],"about":[{"href":"https:\/\/inforedguanajuato.com\/index.php?rest_route=\/wp\/v2\/types\/post"}],"author":[{"embeddable":true,"href":"https:\/\/inforedguanajuato.com\/index.php?rest_route=\/wp\/v2\/users\/1"}],"replies":[{"embeddable":true,"href":"https:\/\/inforedguanajuato.com\/index.php?rest_route=%2Fwp%2Fv2%2Fcomments&post=3060"}],"version-history":[{"count":1,"href":"https:\/\/inforedguanajuato.com\/index.php?rest_route=\/wp\/v2\/posts\/3060\/revisions"}],"predecessor-version":[{"id":3062,"href":"https:\/\/inforedguanajuato.com\/index.php?rest_route=\/wp\/v2\/posts\/3060\/revisions\/3062"}],"wp:featuredmedia":[{"embeddable":true,"href":"https:\/\/inforedguanajuato.com\/index.php?rest_route=\/wp\/v2\/media\/3061"}],"wp:attachment":[{"href":"https:\/\/inforedguanajuato.com\/index.php?rest_route=%2Fwp%2Fv2%2Fmedia&parent=3060"}],"wp:term":[{"taxonomy":"category","embeddable":true,"href":"https:\/\/inforedguanajuato.com\/index.php?rest_route=%2Fwp%2Fv2%2Fcategories&post=3060"},{"taxonomy":"post_tag","embeddable":true,"href":"https:\/\/inforedguanajuato.com\/index.php?rest_route=%2Fwp%2Fv2%2Ftags&post=3060"}],"curies":[{"name":"wp","href":"https:\/\/api.w.org\/{rel}","templated":true}]}}