{"id":3063,"date":"2020-07-08T21:17:05","date_gmt":"2020-07-09T02:17:05","guid":{"rendered":"http:\/\/inforedguanajuato.com\/?p=3063"},"modified":"2020-07-08T21:17:05","modified_gmt":"2020-07-09T02:17:05","slug":"regresan-lavados-nocturnos-de-los-martes-en-guanajuato","status":"publish","type":"post","link":"https:\/\/inforedguanajuato.com\/?p=3063","title":{"rendered":"REGRESAN LAVADOS NOCTURNOS DE LOS MARTES EN GUANAJUATO"},"content":{"rendered":"<p><!--more--><\/p>\n<p>Guanajuato, Gto., 8 de julio de 2020.- Por instrucciones del Presidente Municipal, Alejandro Navarro Salda\u00f1a, fueron reactivados los lavados nocturnos de los martes en las calles, callejones y plazuelas de Guanajuato Capital.<\/p>\n<p>La noche de este martes se realiz\u00f3 en el paradero de camiones de la Ex Estaci\u00f3n del Ferrocarril, donde tambi\u00e9n se desinfectaron bancas, postes, barandales y jardineras.<\/p>\n<p>El Director General de Servicios P\u00fablicos, Marco Antonio Figueroa Sierra, explic\u00f3 que estas jornadas nocturnas tienen el objetivo de involucrar a la ciudadan\u00eda en la limpieza y la conservaci\u00f3n de la higiene en la ciudad.<\/p>\n<p>Los lavados nocturnos de los martes se realizan con el apoyo de los habitantes y comerciantes de las zonas que se intervienen para promover la cultura de la limpieza, atendiendo las medidas de uso de cubrebocas y sana distancia, as\u00ed como evitando la presencia de personas vulnerables en materia de salud.<\/p>\n","protected":false},"excerpt":{"rendered":"","protected":false},"author":1,"featured_media":3064,"comment_status":"open","ping_status":"open","sticky":false,"template":"","format":"standard","meta":[],"categories":[3],"tags":[],"_links":{"self":[{"href":"https:\/\/inforedguanajuato.com\/index.php?rest_route=\/wp\/v2\/posts\/3063"}],"collection":[{"href":"https:\/\/inforedguanajuato.com\/index.php?rest_route=\/wp\/v2\/posts"}],"about":[{"href":"https:\/\/inforedguanajuato.com\/index.php?rest_route=\/wp\/v2\/types\/post"}],"author":[{"embeddable":true,"href":"https:\/\/inforedguanajuato.com\/index.php?rest_route=\/wp\/v2\/users\/1"}],"replies":[{"embeddable":true,"href":"https:\/\/inforedguanajuato.com\/index.php?rest_route=%2Fwp%2Fv2%2Fcomments&post=3063"}],"version-history":[{"count":1,"href":"https:\/\/inforedguanajuato.com\/index.php?rest_route=\/wp\/v2\/posts\/3063\/revisions"}],"predecessor-version":[{"id":3065,"href":"https:\/\/inforedguanajuato.com\/index.php?rest_route=\/wp\/v2\/posts\/3063\/revisions\/3065"}],"wp:featuredmedia":[{"embeddable":true,"href":"https:\/\/inforedguanajuato.com\/index.php?rest_route=\/wp\/v2\/media\/3064"}],"wp:attachment":[{"href":"https:\/\/inforedguanajuato.com\/index.php?rest_route=%2Fwp%2Fv2%2Fmedia&parent=3063"}],"wp:term":[{"taxonomy":"category","embeddable":true,"href":"https:\/\/inforedguanajuato.com\/index.php?rest_route=%2Fwp%2Fv2%2Fcategories&post=3063"},{"taxonomy":"post_tag","embeddable":true,"href":"https:\/\/inforedguanajuato.com\/index.php?rest_route=%2Fwp%2Fv2%2Ftags&post=3063"}],"curies":[{"name":"wp","href":"https:\/\/api.w.org\/{rel}","templated":true}]}}