{"id":3163,"date":"2020-07-15T21:34:33","date_gmt":"2020-07-16T02:34:33","guid":{"rendered":"http:\/\/inforedguanajuato.com\/?p=3163"},"modified":"2020-07-15T21:34:33","modified_gmt":"2020-07-16T02:34:33","slug":"comisionado-estatal-de-busqueda-de-personas-presenta-plan-de-trabajo","status":"publish","type":"post","link":"https:\/\/inforedguanajuato.com\/?p=3163","title":{"rendered":"COMISIONADO ESTATAL DE B\u00daSQUEDA DE PERSONAS PRESENTA PLAN DE TRABAJO"},"content":{"rendered":"<p><!--more--><\/p>\n<p>Irapuato, Gto.; 15 de julio de 2020. H\u00e9ctor Alonso D\u00edaz Ezquerra, Comisionado Estatal de B\u00fasqueda de Personas, present\u00f3 su plan de trabajo en reuni\u00f3n con familiares de personas desaparecidas y anunci\u00f3 que en la primera semana de agosto se realizar\u00e1n b\u00fasquedas en campo en el municipio de Uriangato.<\/p>\n<p>Manifest\u00f3 que el objetivo de estas acciones es \u201ccontar con una instituci\u00f3n que contribuya a la reconstrucci\u00f3n del tejido social de nuestro estado y que permita encontrar a nuestras personas desaparecidas en las condiciones de dignidad y respeto a los derechos humanos que merecen los guanajuatenses\u201d.<\/p>\n<p>Los ejes rectores del plan de trabajo son:<\/p>\n<p><strong>Atenci\u00f3n inmediata y Red Comunitaria.\u00a0 <\/strong>Se pondr\u00e1 en marcha un \u00e1rea de atenci\u00f3n inmediata a personas desaparecidas que act\u00fae con eficacia y debida diligencia <u>dentro las primeras 24 horas de la desaparici\u00f3n<\/u>, para esto se utilizar\u00e1n herramientas tecnol\u00f3gicas, an\u00e1lisis de contexto, vinculaci\u00f3n con las diferentes instituciones, y siempre en acompa\u00f1amiento de los familiares de la v\u00edctima.<strong>\u00a0<\/strong><\/p>\n<p>Se crear\u00e1 una \u201cRed Comunitaria\u201d, en la que\u00a0 el eje central ser\u00e1 la articulaci\u00f3n de los esfuerzos de las instituciones con la sociedad y familias de personas desaparecidas.<strong>\u00a0<\/strong><\/p>\n<p><strong>Implementaci\u00f3n de criterios de b\u00fasqueda<\/strong>. Contar con personas especializadas en perspectiva de g\u00e9nero y enfoque diferenciado quienes, en forma transversal, establecer\u00e1n los criterios de an\u00e1lisis y dise\u00f1o de la estrategia para b\u00fasqueda de personas.<\/p>\n<p><strong>Unidad de b\u00fasqueda.<\/strong> Debe contemplar dos \u00e1reas:<\/p>\n<ul>\n<li>Unidad de Reacci\u00f3n Inmediata para la B\u00fasqueda en Vida.<\/li>\n<li>Unidad de Dise\u00f1o de Estrategia Forense para la B\u00fasqueda de Restos Humanos en campo.<\/li>\n<li><strong>Implementaci\u00f3n del Registro Estatal de B\u00fasqueda.\u00a0 <\/strong>Integrar\u00e1 todos aquellos datos necesarios que fortalezcan el registro de manera constante, actualizada y oportuna en el Estado.<\/li>\n<\/ul>\n<p>Comunicaci\u00f3n diaria con la Comisi\u00f3n Nacional de B\u00fasqueda de Personas a fin de intercambiar informaci\u00f3n sensible que permita acciones eficientes y de calidad.<strong>\u00a0<\/strong><\/p>\n<p><strong>Acompa\u00f1amiento integral, jur\u00eddico y psicol\u00f3gico. <\/strong>Las familias deben contar con toda la informaci\u00f3n necesaria desde el primer momento para comprender el proceso de b\u00fasqueda, con informaci\u00f3n clara y comprensible, adem\u00e1s de un acompa\u00f1amiento jur\u00eddico y psicol\u00f3gico.<\/p>\n<p><strong>Capacitaci\u00f3n y profesionalizaci\u00f3n constante. <\/strong>Contar con personal sensible y experto en criminal\u00edstica, ciencias forenses, en derecho y psicolog\u00eda.<strong>\u00a0<\/strong><\/p>\n<p><strong>Aplicaci\u00f3n presupuestal. <\/strong>Contar con las tecnolog\u00edas avanzadas que eficienten las b\u00fasquedas.<strong>\u00a0<\/strong><\/p>\n<p><strong>Transparencia y evaluaci\u00f3n social. <\/strong>Se mantendr\u00e1 la informaci\u00f3n accesible en todo momento, bajo lo establecido por la ley, adem\u00e1s de la implementaci\u00f3n de indicadores que eval\u00faen y califiquen el desempe\u00f1o de la instituci\u00f3n.<strong>\u00a0<\/strong><\/p>\n<p><strong>Establecimiento e implementaci\u00f3n de mecanismos de coordinaci\u00f3n. <\/strong>Vinculaci\u00f3n permanente y proactiva con la Fiscal\u00eda General del Estado, en particular con la Fiscal\u00eda Especializada en materia de Desaparici\u00f3n de Personas Desaparecidas, Secretar\u00eda de Seguridad P\u00fablica, Secretar\u00eda de Salud, el Instituto de la Mujer, Fiscal\u00eda General de la Rep\u00fablica, la Delegaci\u00f3n de la Comisi\u00f3n Ejecutiva de Atenci\u00f3n a V\u00edctimas, la Comisi\u00f3n Nacional de B\u00fasqueda de Personas y dem\u00e1s instancias p\u00fablicas requeridas.<\/p>\n<p>En la reuni\u00f3n participaron integrantes del \u00abColectivo Cazadores\u00bb, \u00abBuscadoras Guanajuato\u00bb, \u00abMariposas\u00bb, \u00abJusticia y Esperanza\u00bb (por videollamada), adem\u00e1s de Alfonso Ruiz Chico, subsecretario de Gobierno, \u00a0Yolanda Ram\u00edrez Dom\u00ednguez, Fiscal Especializada de Investigaci\u00f3n de Delitos de Desaparici\u00f3n Forzada; Enrique Irazoque Palazuelos, director General de Acciones de B\u00fasqueda de la Comisi\u00f3n Nacional de B\u00fasqueda de Personas; Alma Delia Guzm\u00e1n Cano, directora de B\u00fasqueda Jur\u00eddica de la Comisi\u00f3n Nacional de B\u00fasqueda de Personas; Luis Christian Ortiz Andrade, Subprocurador de Derechos Humanos Zona \u201cB\u201d del Estado de Guanajuato; H\u00e9ctor Alonso D\u00edaz Ezquerra, Comisionado Estatal de B\u00fasqueda de Personas del Estado de Guanajuato.<\/p>\n<p>&nbsp;<\/p>\n<p>&nbsp;<\/p>\n","protected":false},"excerpt":{"rendered":"","protected":false},"author":1,"featured_media":3164,"comment_status":"open","ping_status":"open","sticky":false,"template":"","format":"standard","meta":[],"categories":[4],"tags":[],"_links":{"self":[{"href":"https:\/\/inforedguanajuato.com\/index.php?rest_route=\/wp\/v2\/posts\/3163"}],"collection":[{"href":"https:\/\/inforedguanajuato.com\/index.php?rest_route=\/wp\/v2\/posts"}],"about":[{"href":"https:\/\/inforedguanajuato.com\/index.php?rest_route=\/wp\/v2\/types\/post"}],"author":[{"embeddable":true,"href":"https:\/\/inforedguanajuato.com\/index.php?rest_route=\/wp\/v2\/users\/1"}],"replies":[{"embeddable":true,"href":"https:\/\/inforedguanajuato.com\/index.php?rest_route=%2Fwp%2Fv2%2Fcomments&post=3163"}],"version-history":[{"count":1,"href":"https:\/\/inforedguanajuato.com\/index.php?rest_route=\/wp\/v2\/posts\/3163\/revisions"}],"predecessor-version":[{"id":3165,"href":"https:\/\/inforedguanajuato.com\/index.php?rest_route=\/wp\/v2\/posts\/3163\/revisions\/3165"}],"wp:featuredmedia":[{"embeddable":true,"href":"https:\/\/inforedguanajuato.com\/index.php?rest_route=\/wp\/v2\/media\/3164"}],"wp:attachment":[{"href":"https:\/\/inforedguanajuato.com\/index.php?rest_route=%2Fwp%2Fv2%2Fmedia&parent=3163"}],"wp:term":[{"taxonomy":"category","embeddable":true,"href":"https:\/\/inforedguanajuato.com\/index.php?rest_route=%2Fwp%2Fv2%2Fcategories&post=3163"},{"taxonomy":"post_tag","embeddable":true,"href":"https:\/\/inforedguanajuato.com\/index.php?rest_route=%2Fwp%2Fv2%2Ftags&post=3163"}],"curies":[{"name":"wp","href":"https:\/\/api.w.org\/{rel}","templated":true}]}}