{"id":3390,"date":"2020-08-11T13:32:52","date_gmt":"2020-08-11T18:32:52","guid":{"rendered":"http:\/\/inforedguanajuato.com\/?p=3390"},"modified":"2020-08-11T13:32:52","modified_gmt":"2020-08-11T18:32:52","slug":"encabeza-el-gobernador-diego-sinhue-rodriguez-vallejo-la-ceremonia-de-abanderamiento-de-33-jovenes-del-programa-talentos-de-exportacion","status":"publish","type":"post","link":"https:\/\/inforedguanajuato.com\/?p=3390","title":{"rendered":"ENCABEZA EL GOBERNADOR, DIEGO SINHUE RODR\u00cdGUEZ VALLEJO, LA CEREMONIA DE ABANDERAMIENTO DE 33 J\u00d3VENES DEL PROGRAMA \u201cTALENTOS DE EXPORTACI\u00d3N\u201d."},"content":{"rendered":"<p><!--more--><\/p>\n<p>Guanajuato, Gto. 11 de agosto 2020.- El Gobierno del Estado impulsa el desarrollo acad\u00e9mico de los estudiantes guanajuatenses en el extranjero, gracias al Programa \u201cTalentos de Exportaci\u00f3n\u201d de EDUCAFIN.<\/p>\n<p>&nbsp;<\/p>\n<p>Lo anterior lo dijo el Gobernador, Diego Sinhue Rodr\u00edguez Vallejo, al encabezar la ceremonia de Abanderamiento de 33 j\u00f3venes que ganaron la Segunda Convocatoria, los cuales realizar\u00e1n estudios de Maestr\u00edas y Doctorados en pa\u00edses como Alemania, Australia, Canad\u00e1, Espa\u00f1a, Estados Unidos, Francia y Reino Unido.<\/p>\n<p>&nbsp;<\/p>\n<p>\u201cCon estas becas, queremos seguir adelante con nuestra premisa de llevar m\u00e1s Guanajuato al mundo, y traer m\u00e1s mundo a Guanajuato; que otros pa\u00edses conozcan el talento que Guanajuato tiene en su gente, y que ese talento traiga al estado ideas innovadoras para implementarlas\u201d.<\/p>\n<p>&nbsp;<\/p>\n<p>\u201cQueremos tambi\u00e9n apoyar la formaci\u00f3n de capital humano de alto nivel, para lograr el objetivo de pasar de la manufactura a la mentefactura, buscamos fortalecer las capacidades de investigaci\u00f3n, innovaci\u00f3n y competitividad en los sectores productivos, sociales y otros que aporten al desarrollo del estado\u201d, dijo.<\/p>\n<p>&nbsp;<\/p>\n<p>El Ejecutivo se\u00f1al\u00f3 que con \u00e9stas acciones la Administraci\u00f3n Estatal busca generar modelos para disminuir las desigualdades y mejorar la calidad de vida de las familias guanajuatenses, para pasar de la manufactura a la mentefactura con capital humano mejor preparado.<\/p>\n<p>&nbsp;<\/p>\n<p>\u201cRespaldamos a nuestros j\u00f3venes talentosos; porque sus conocimientos y su participaci\u00f3n ser\u00e1n muy valiosos para hacer de nuestro Guanajuato, un mejor estado; comprobamos as\u00ed, que no hay mejor inversi\u00f3n que pueda hacer un gobierno, que apoyar la educaci\u00f3n de la gente\u201d.<\/p>\n<p>&nbsp;<\/p>\n<p>&nbsp;<\/p>\n<p>&nbsp;<\/p>\n<p>&nbsp;<\/p>\n<p>&nbsp;<\/p>\n<p>&nbsp;<\/p>\n<p>\u201cEstas becas de posgrado, son costeadas por las contribuciones que paga la sociedad guanajuatense; por ello, es de justicia retribuir a la misma sociedad ese apoyo, con ideas y proyectos que le generen progreso y mejor calidad de vida\u201d, puntualiz\u00f3.<\/p>\n<p>&nbsp;<\/p>\n<p>El Mandatario Estatal dio a conocer que actualmente se monitorean los proyectos de retribuci\u00f3n social, que est\u00e1n desarrollando otros estudiantes del Programa de \u201cTalentos de Exportaci\u00f3n\u201d.<\/p>\n<p>&nbsp;<\/p>\n<p>Agradeci\u00f3 a Fundaci\u00f3n BECA, a CAMPUS FRANCE, a la Embajada de Francia en M\u00e9xico, a CALDO Consortium y a McGill University, por el apoyo que han dado a las acciones de EDUCAFIN.<\/p>\n<p>&nbsp;<\/p>\n<p>\u201cMi mayor reconocimiento es para las y los 33 ganadores de esta convocatoria, originarios de los municipios de Ac\u00e1mbaro, Uriangato, Celaya, Guanajuato, Irapuato, Le\u00f3n, Salamanca, Salvatierra y Valle de Santiago\u201d.<\/p>\n<p>&nbsp;<\/p>\n<p>\u201cAl entregarles la bandera de Guanajuato, lo hacemos con la seguridad de que sabr\u00e1n honrarla, con su comportamiento, su responsabilidad y su mayor aprovechamiento de esta experiencia internacional, son ustedes motivo de orgullo para sus familias y para Guanajuato\u201d, enfatiz\u00f3.<\/p>\n<p>&nbsp;<\/p>\n<p>En la Primera Convocatoria de EDUCAFIN del Programa \u201cTalentos de Exportaci\u00f3n\u201d, resultaron 104 ganadores, originarios de 21 municipios que desarrollaron estudios en 16 pa\u00edses.<\/p>\n<p>&nbsp;<\/p>\n<p>En el evento participaron el Director General de EDUCAFIN, Jorge Enrique Hern\u00e1ndez Meza; el Presidente del Consejo Directivo de EDUCAFIN, Enrique Prieto Flores; la Directora de la Fundaci\u00f3n BECA, Paola Mart\u00ednez; as\u00ed como familiares de los j\u00f3venes ganadores de la convocatoria del Programa \u201cTalentos de Exportaci\u00f3n\u201d.<\/p>\n<p>&nbsp;<\/p>\n","protected":false},"excerpt":{"rendered":"","protected":false},"author":1,"featured_media":3391,"comment_status":"open","ping_status":"open","sticky":false,"template":"","format":"standard","meta":[],"categories":[4],"tags":[],"_links":{"self":[{"href":"https:\/\/inforedguanajuato.com\/index.php?rest_route=\/wp\/v2\/posts\/3390"}],"collection":[{"href":"https:\/\/inforedguanajuato.com\/index.php?rest_route=\/wp\/v2\/posts"}],"about":[{"href":"https:\/\/inforedguanajuato.com\/index.php?rest_route=\/wp\/v2\/types\/post"}],"author":[{"embeddable":true,"href":"https:\/\/inforedguanajuato.com\/index.php?rest_route=\/wp\/v2\/users\/1"}],"replies":[{"embeddable":true,"href":"https:\/\/inforedguanajuato.com\/index.php?rest_route=%2Fwp%2Fv2%2Fcomments&post=3390"}],"version-history":[{"count":1,"href":"https:\/\/inforedguanajuato.com\/index.php?rest_route=\/wp\/v2\/posts\/3390\/revisions"}],"predecessor-version":[{"id":3392,"href":"https:\/\/inforedguanajuato.com\/index.php?rest_route=\/wp\/v2\/posts\/3390\/revisions\/3392"}],"wp:featuredmedia":[{"embeddable":true,"href":"https:\/\/inforedguanajuato.com\/index.php?rest_route=\/wp\/v2\/media\/3391"}],"wp:attachment":[{"href":"https:\/\/inforedguanajuato.com\/index.php?rest_route=%2Fwp%2Fv2%2Fmedia&parent=3390"}],"wp:term":[{"taxonomy":"category","embeddable":true,"href":"https:\/\/inforedguanajuato.com\/index.php?rest_route=%2Fwp%2Fv2%2Fcategories&post=3390"},{"taxonomy":"post_tag","embeddable":true,"href":"https:\/\/inforedguanajuato.com\/index.php?rest_route=%2Fwp%2Fv2%2Ftags&post=3390"}],"curies":[{"name":"wp","href":"https:\/\/api.w.org\/{rel}","templated":true}]}}