{"id":3563,"date":"2020-08-25T18:11:19","date_gmt":"2020-08-25T23:11:19","guid":{"rendered":"http:\/\/inforedguanajuato.com\/?p=3563"},"modified":"2020-08-25T18:11:19","modified_gmt":"2020-08-25T23:11:19","slug":"actualizacion-del-padron-vehicular-repercutira-en-la-seguridad-publica-logrando-mejor-identificacion-del-propietario-diputados-del-pan","status":"publish","type":"post","link":"https:\/\/inforedguanajuato.com\/?p=3563","title":{"rendered":"ACTUALIZACI\u00d3N DEL PADR\u00d3N VEHICULAR REPERCUTIR\u00c1 EN LA SEGURIDAD P\u00daBLICA, LOGRANDO MEJOR IDENTIFICACI\u00d3N DEL PROPIETARIO: DIPUTADOS DEL PAN"},"content":{"rendered":"<p><!--more--><\/p>\n<p>&nbsp;<\/p>\n<p>Guanajuato, Gto., a 25 de agosto de 2020.- El Pleno del Congreso Local aprob\u00f3 el dictamen de reforma a la Ley de Movilidad para el Estado de Guanajuato, propuesta por el Ejecutivo Estatal, con la que se lograr\u00e1 una mejor identificaci\u00f3n del propietario y acciones encaminadas a preservar la paz social.<\/p>\n<p>Al hablar a favor del dictamen de reforma a la Ley de Movilidad, el diputado Rolando Alc\u00e1ntar Rojas enfatiz\u00f3 que \u201cse trata de un elemento m\u00e1s para mejorar los procesos administrativos y que repercutir\u00e1n en beneficio de todos los guanajuatenses.\u201d<\/p>\n<p>El presidente de la Comisi\u00f3n de Seguridad P\u00fablica y Comunicaciones refiri\u00f3 que, en lo relativo a\u00a0 las placas met\u00e1licas de demostraci\u00f3n y traslado, se aumentan los supuestos de los personas a las que se podr\u00e1n otorgar este tipo de placas, no limitando su uso \u00fanicamente a quien se dedique a la venta de autom\u00f3viles, sino que siendo conscientes de que la vocaci\u00f3n industrial y comercial del estado permite que en Guanajuato se fabriquen, ensamblen y distribuyan automotores, lo que hace necesario que las empresas que se dediquen a estas actividades tengan una opci\u00f3n para poder trasladar sus veh\u00edculos.<\/p>\n<p>En cuanto a las modificaciones relativas al abandono de veh\u00edculos, Alc\u00e1ntar Rojas resalt\u00f3 que la reforma busca fomentar la desocupaci\u00f3n de los dep\u00f3sitos en los que se guardan veh\u00edculos que, por diversas razones, han sido abandonados y se convierten en un foco de contaminaci\u00f3n y por ende en un peligro para la salud p\u00fablica.<\/p>\n<p>Por su parte, el diputado Jos\u00e9 Guadalupe Vera Hern\u00e1ndez\u00a0 destac\u00f3 que la reforma tiene por objeto que el propietario o poseedor del veh\u00edculo sean los responsables solidarios de las sanciones que se deriven de infracciones cometidas con veh\u00edculos que se encuentren registrados a su nombre, es decir,\u00a0 propietarios y poseedores solo ser\u00e1n responsables solidarios de las sanciones de tr\u00e1nsito, pero no de aquellas responsabilidades que se deriven de las mismas infracciones y accidentes de tr\u00e1nsito, siendo que en estos casos el responsable ser\u00e1 el conductor.<\/p>\n<p>\u201cLos diputados del PAN que integramos la comisi\u00f3n de Seguridad P\u00fablica y Comunicaciones, expresamos nuestra preocupaci\u00f3n, derivado de la pandemia que vivimos, en cuanto a los procesos de la toma de fotograf\u00eda, huellas digitales y firma aut\u00f3grafa que se prev\u00e9n en estas modificaciones, por ello proponemos en disposiciones transitorias se establezca la obligaci\u00f3n para que la Secretar\u00eda de Finanzas, Inversi\u00f3n y Administraci\u00f3n defina los procesos y mecanismos necesarios para resguardar la salud de las personas que acudan a realizar tr\u00e1mites en los que se tomen los elementos relacionados con las huellas digitales, fotograf\u00eda de rasgos faciales y firma aut\u00f3grafa\u201d, concluy\u00f3 Vera Hern\u00e1ndez.<\/p>\n","protected":false},"excerpt":{"rendered":"","protected":false},"author":1,"featured_media":3564,"comment_status":"open","ping_status":"open","sticky":false,"template":"","format":"standard","meta":[],"categories":[6],"tags":[],"_links":{"self":[{"href":"https:\/\/inforedguanajuato.com\/index.php?rest_route=\/wp\/v2\/posts\/3563"}],"collection":[{"href":"https:\/\/inforedguanajuato.com\/index.php?rest_route=\/wp\/v2\/posts"}],"about":[{"href":"https:\/\/inforedguanajuato.com\/index.php?rest_route=\/wp\/v2\/types\/post"}],"author":[{"embeddable":true,"href":"https:\/\/inforedguanajuato.com\/index.php?rest_route=\/wp\/v2\/users\/1"}],"replies":[{"embeddable":true,"href":"https:\/\/inforedguanajuato.com\/index.php?rest_route=%2Fwp%2Fv2%2Fcomments&post=3563"}],"version-history":[{"count":1,"href":"https:\/\/inforedguanajuato.com\/index.php?rest_route=\/wp\/v2\/posts\/3563\/revisions"}],"predecessor-version":[{"id":3565,"href":"https:\/\/inforedguanajuato.com\/index.php?rest_route=\/wp\/v2\/posts\/3563\/revisions\/3565"}],"wp:featuredmedia":[{"embeddable":true,"href":"https:\/\/inforedguanajuato.com\/index.php?rest_route=\/wp\/v2\/media\/3564"}],"wp:attachment":[{"href":"https:\/\/inforedguanajuato.com\/index.php?rest_route=%2Fwp%2Fv2%2Fmedia&parent=3563"}],"wp:term":[{"taxonomy":"category","embeddable":true,"href":"https:\/\/inforedguanajuato.com\/index.php?rest_route=%2Fwp%2Fv2%2Fcategories&post=3563"},{"taxonomy":"post_tag","embeddable":true,"href":"https:\/\/inforedguanajuato.com\/index.php?rest_route=%2Fwp%2Fv2%2Ftags&post=3563"}],"curies":[{"name":"wp","href":"https:\/\/api.w.org\/{rel}","templated":true}]}}