{"id":3943,"date":"2020-10-07T20:09:38","date_gmt":"2020-10-08T01:09:38","guid":{"rendered":"http:\/\/inforedguanajuato.com\/?p=3943"},"modified":"2020-10-07T20:09:38","modified_gmt":"2020-10-08T01:09:38","slug":"ine-esta-listo-para-organizar-las-elecciones-del-6-de-junio-proximo-lorenzo-cordova","status":"publish","type":"post","link":"https:\/\/inforedguanajuato.com\/?p=3943","title":{"rendered":"INE EST\u00c1 LISTO PARA ORGANIZAR LAS ELECCIONES DEL 6 DE JUNIO PR\u00d3XIMO: LORENZO C\u00d3RDOVA"},"content":{"rendered":"<p><!--more--><\/p>\n<p>CD M\u00e9xico 7 de octubre de 2020.- El Instituto Nacional Electoral (INE) est\u00e1 listo para organizar los comicios m\u00e1s grandes y complejos de la historia, as\u00ed como para realizar la primera consulta popular que habr\u00e1 en M\u00e9xico, seg\u00fan lo establecido por la Constituci\u00f3n, asegur\u00f3 el Consejero Presidente, Lorenzo C\u00f3rdova Vianello.<\/p>\n<p>\u201cEl INE va cumplir todas sus responsabilidades y tambi\u00e9n va llevar a cabo los dos ejercicios que constitucionalmente tendr\u00e1 que realizar el pr\u00f3ximo a\u00f1o, la elecci\u00f3n el 6 de junio y la consulta popular el primero de agosto, como lo mandata nuestra carta fundamental\u201d, sentenci\u00f3.<\/p>\n<p>Al ofrecer la conferencia magistral &#8220;Desaf\u00edos de la democracia mexicana a 30 a\u00f1os de la fundaci\u00f3n del INE&#8221; detall\u00f3 que, si bien la consulta requerir\u00e1 recursos adicionales a lo ya solicitado para el pr\u00f3ximo a\u00f1o, el impacto presupuestal que se anticipa no va a ser el mismo que tiene una elecci\u00f3n como la que habr\u00e1 meses antes, el 6 de junio.<\/p>\n<p>No obstante, asegur\u00f3 a todos los actores pol\u00edticos que, como siempre, el INE cumplir\u00e1 con su mandato constitucional y habr\u00e1 de realizar la consulta popular una vez que as\u00ed lo apruebe el Congreso de la Uni\u00f3n.<\/p>\n<p>Indic\u00f3 que a finales de este mes la autoridad electoral contar\u00e1 con una estimaci\u00f3n de las actividades que ser\u00e1n necesarias para este ejercicio y el costo que esto implicar\u00e1, por lo que anticiparse es incurrir en especulaci\u00f3n que no abona a la convivencia democr\u00e1tica.<\/p>\n<p>Explic\u00f3 que al ser la primera vez que se realiza un ejercicio de este tipo en el pa\u00eds, ser\u00e1 necesario definir, por ejemplo, si como ocurre con una elecci\u00f3n extraordinaria, los funcionarios que participen en la consulta ser\u00e1n los mismos que operaron el d\u00eda de la elecci\u00f3n, o si se replica el l\u00edmite de 750 boletas por casilla.<\/p>\n<p>Adem\u00e1s, el personal de campo que se emplear\u00e1 durante siete meses para la capacitaci\u00f3n de los comicios, \u00fanicamente extender\u00e1 sus funciones por dos meses m\u00e1s, que no es igual que proyectar un gasto de siete meses como el que se ha considerado.<\/p>\n<p>El Consejero Presidente extern\u00f3 que tampoco resulta deseable modificar la Constituci\u00f3n para empalmar la consulta popular con los comicios, ya que de hacerlo se estar\u00edan modificando las reglas sobre las que se realizar\u00e1 la elecci\u00f3n del 6 de junio.<\/p>\n<p>En este sentido, estim\u00f3 que la prohibici\u00f3n prevista en el art\u00edculo 105 constitucional, que establece como l\u00edmite el 31 de mayo para cualquier cambio legislativo, est\u00e1 vigente y es necesaria para que haya estabilidad, porque de ello depende la certeza y seguridad jur\u00eddica de los procesos democr\u00e1ticos.<\/p>\n<p>Consciente de ello, reconoci\u00f3 que el INE deber\u00e1 de emitir algunas normas, producto de la falta de lineamientos por parte del Legislativo en este tema de consulta popular, al igual que suceder\u00e1 con la reelecci\u00f3n que se aplicar\u00e1 por primera vez a nivel federal.<\/p>\n<p>C\u00f3rdova Vianello aprovech\u00f3 la oportunidad para recordar que el ejercicio presupuestal solicitado por el Instituto para el pr\u00f3ximo a\u00f1o crecer\u00e1 s\u00f3lo la mitad del aumento que tendr\u00e1 la elecci\u00f3n en s\u00ed misma, considerando que habr\u00e1 m\u00e1s de 2 mil cargos adicionales a elegir que los que se tuvieron en 2018.<\/p>\n<p>Tambi\u00e9n, se\u00f1al\u00f3, se reducir\u00e1 el costo que tendr\u00e1 por votante, pasando de 89 pesos por ciudadano a 86.3 pesos, a pesar de que s\u00f3lo las medidas de prevenci\u00f3n por la pandemia de COVID-19 implicar\u00e1n un gasto de 378 millones de pesos.<\/p>\n<p>\u201cEl presupuesto del INE de 2021 constituye solamente 32 centavos de cada 100 pesos del Presupuesto de Egresos de la Federaci\u00f3n, que es un centavo menos del costo que tuvo el Proceso Electoral Federal del 2018 cuando fueron 33 centavos\u201d, dijo.<\/p>\n","protected":false},"excerpt":{"rendered":"","protected":false},"author":1,"featured_media":3944,"comment_status":"open","ping_status":"open","sticky":false,"template":"","format":"standard","meta":[],"categories":[1],"tags":[],"_links":{"self":[{"href":"https:\/\/inforedguanajuato.com\/index.php?rest_route=\/wp\/v2\/posts\/3943"}],"collection":[{"href":"https:\/\/inforedguanajuato.com\/index.php?rest_route=\/wp\/v2\/posts"}],"about":[{"href":"https:\/\/inforedguanajuato.com\/index.php?rest_route=\/wp\/v2\/types\/post"}],"author":[{"embeddable":true,"href":"https:\/\/inforedguanajuato.com\/index.php?rest_route=\/wp\/v2\/users\/1"}],"replies":[{"embeddable":true,"href":"https:\/\/inforedguanajuato.com\/index.php?rest_route=%2Fwp%2Fv2%2Fcomments&post=3943"}],"version-history":[{"count":1,"href":"https:\/\/inforedguanajuato.com\/index.php?rest_route=\/wp\/v2\/posts\/3943\/revisions"}],"predecessor-version":[{"id":3945,"href":"https:\/\/inforedguanajuato.com\/index.php?rest_route=\/wp\/v2\/posts\/3943\/revisions\/3945"}],"wp:featuredmedia":[{"embeddable":true,"href":"https:\/\/inforedguanajuato.com\/index.php?rest_route=\/wp\/v2\/media\/3944"}],"wp:attachment":[{"href":"https:\/\/inforedguanajuato.com\/index.php?rest_route=%2Fwp%2Fv2%2Fmedia&parent=3943"}],"wp:term":[{"taxonomy":"category","embeddable":true,"href":"https:\/\/inforedguanajuato.com\/index.php?rest_route=%2Fwp%2Fv2%2Fcategories&post=3943"},{"taxonomy":"post_tag","embeddable":true,"href":"https:\/\/inforedguanajuato.com\/index.php?rest_route=%2Fwp%2Fv2%2Ftags&post=3943"}],"curies":[{"name":"wp","href":"https:\/\/api.w.org\/{rel}","templated":true}]}}