{"id":4534,"date":"2020-12-07T19:18:37","date_gmt":"2020-12-08T00:18:37","guid":{"rendered":"http:\/\/inforedguanajuato.com\/?p=4534"},"modified":"2020-12-07T19:19:14","modified_gmt":"2020-12-08T00:19:14","slug":"seg-realiza-conferencia-virtual-para-fortalecer-las-competencias-socioemocionales","status":"publish","type":"post","link":"https:\/\/inforedguanajuato.com\/?p=4534","title":{"rendered":"SEG REALIZA CONFERENCIA VIRTUAL PARA FORTALECER LAS COMPETENCIAS SOCIOEMOCIONALES"},"content":{"rendered":"<p><!--more--><\/p>\n<p>San Luis de la Paz, Gto.\u00a0 07 de diciembre de 2020.- M\u00e1s de 900 docentes de los diferentes niveles educativos que laboran en la regi\u00f3n noreste de la Secretar\u00eda de Educaci\u00f3n de Guanajuato, participaron en la segunda disertaci\u00f3n, \u201cVuelta a Clases: Reencuentro y Emociones\u201d, siendo la Educaci\u00f3n Emp\u00e1tica, el tema central de la conferencia virtual.<\/p>\n<p>La actividad se plantea con el objetivo de concientizar a los jefes de sector, supervisores, docentes, autoridades educativas, personal de la delegaci\u00f3n regional de educaci\u00f3n noreste y padres de familia, del poder de la empat\u00eda para lograr aprendizajes aut\u00e9nticos y profundos.<\/p>\n<p>Mariana de Anqu\u00edn, especialista en pedagog\u00eda, imparti\u00f3 la conferencia virtual a trav\u00e9s de Microsoft Teams, desde Argentina. Al inicial la disertaci\u00f3n dijo que, \u201ceducar hoy nos impulsa a crear un sistema integral de aprendizaje, donde las competencias acad\u00e9micas sean sostenidas por las competencias socioemocionales y personales\u201d.<\/p>\n<p>Durante la conferencia, se abord\u00f3 el siguiente contenido: qu\u00e9 es la educaci\u00f3n emp\u00e1tica, cu\u00e1les son sus beneficios a la hora ense\u00f1ar y aprender, c\u00f3mo entender y acompa\u00f1ar lo que sienten nuestros estudiantes, por qu\u00e9 es importante que hoy nos ocupemos de la capacitaci\u00f3n emocional; la nueva educaci\u00f3n: conciencia, sinton\u00eda emocional y empat\u00eda, obst\u00e1culos para la empat\u00eda; conectar emocionalmente para ense\u00f1ar acad\u00e9micamente, entre otros.<\/p>\n<p>\u201cEs fundamental conocer estrategias para poner en pr\u00e1ctica la empat\u00eda en el sector educativo, como una habilidad social exitosa que garantiza un mejor desempe\u00f1o en la vida personal y laboral de los docentes, en el desaf\u00edo que implica la educaci\u00f3n a distancia, dijo H\u00e9ctor Teodoro Montes Estrada, Delegado Regional de Educaci\u00f3n Noreste.<\/p>\n<p>Durante el evento en vivo, que se transmiti\u00f3 por la plataforma Microsoft Teams y por la p\u00e1gina de Facebook ImaginarTV, \u00a0los participantes tuvieron una interacci\u00f3n activa a trav\u00e9s del chat, donde externaron una serie de preguntas, expectativas y acciones que emprender\u00e1n a ra\u00edz de la informaci\u00f3n que obtuvieron.<\/p>\n<p>La conferencia est\u00e1 disponible en el siguiente enlace:<\/p>\n<p><a href=\"https:\/\/www.facebook.com\/watch\/?v=170032781500234\">https:\/\/www.facebook.com\/watch\/?v=170032781500234<\/a><\/p>\n<p>&nbsp;<\/p>\n<p>&nbsp;<\/p>\n<p>&nbsp;<\/p>\n","protected":false},"excerpt":{"rendered":"","protected":false},"author":1,"featured_media":4535,"comment_status":"open","ping_status":"open","sticky":false,"template":"","format":"standard","meta":[],"categories":[4],"tags":[],"_links":{"self":[{"href":"https:\/\/inforedguanajuato.com\/index.php?rest_route=\/wp\/v2\/posts\/4534"}],"collection":[{"href":"https:\/\/inforedguanajuato.com\/index.php?rest_route=\/wp\/v2\/posts"}],"about":[{"href":"https:\/\/inforedguanajuato.com\/index.php?rest_route=\/wp\/v2\/types\/post"}],"author":[{"embeddable":true,"href":"https:\/\/inforedguanajuato.com\/index.php?rest_route=\/wp\/v2\/users\/1"}],"replies":[{"embeddable":true,"href":"https:\/\/inforedguanajuato.com\/index.php?rest_route=%2Fwp%2Fv2%2Fcomments&post=4534"}],"version-history":[{"count":1,"href":"https:\/\/inforedguanajuato.com\/index.php?rest_route=\/wp\/v2\/posts\/4534\/revisions"}],"predecessor-version":[{"id":4536,"href":"https:\/\/inforedguanajuato.com\/index.php?rest_route=\/wp\/v2\/posts\/4534\/revisions\/4536"}],"wp:featuredmedia":[{"embeddable":true,"href":"https:\/\/inforedguanajuato.com\/index.php?rest_route=\/wp\/v2\/media\/4535"}],"wp:attachment":[{"href":"https:\/\/inforedguanajuato.com\/index.php?rest_route=%2Fwp%2Fv2%2Fmedia&parent=4534"}],"wp:term":[{"taxonomy":"category","embeddable":true,"href":"https:\/\/inforedguanajuato.com\/index.php?rest_route=%2Fwp%2Fv2%2Fcategories&post=4534"},{"taxonomy":"post_tag","embeddable":true,"href":"https:\/\/inforedguanajuato.com\/index.php?rest_route=%2Fwp%2Fv2%2Ftags&post=4534"}],"curies":[{"name":"wp","href":"https:\/\/api.w.org\/{rel}","templated":true}]}}