{"id":4588,"date":"2020-12-14T15:25:02","date_gmt":"2020-12-14T20:25:02","guid":{"rendered":"http:\/\/inforedguanajuato.com\/?p=4588"},"modified":"2020-12-14T15:25:02","modified_gmt":"2020-12-14T20:25:02","slug":"en-el-congreso-del-estado-aprueban-terna-de-aspirantes-a-la-procuraduria-de-derechos-humanos-el-ex-presidente-del-pan-en-caballo-de-hacienda","status":"publish","type":"post","link":"https:\/\/inforedguanajuato.com\/?p=4588","title":{"rendered":"EN EL CONGRESO DEL ESTADO APRUEBAN TERNA DE ASPIRANTES A LA PROCURADUR\u00cdA DE DERECHOS HUMANOS EL EX PRESIDENTE DEL PAN EN CABALLO DE HACIENDA."},"content":{"rendered":"<p><!--more--><\/p>\n<p><strong>Guanajuato, Gto., a 14 de diciembre de 2020.-<\/strong>\u00a0La Comisi\u00f3n de Derechos Humanos y Atenci\u00f3n a Grupos Vulnerables, aprob\u00f3 por unanimidad el dictamen respecto de la terna para la designaci\u00f3n del titular de la Procuradur\u00eda de los Derechos Humanos del Estado de Guanajuato.<\/p>\n<p>Durante la reuni\u00f3n, se destac\u00f3 la participaci\u00f3n de organizaciones civiles y el an\u00e1lisis profundo realizado al curr\u00edculum de cada uno de los aspirantes a ocupar el cargo en un proceso apegado siempre a lo acordado en la convocatoria emitida por la Junta de Gobierno y Coordinaci\u00f3n Pol\u00edtica, y se inform\u00f3 que la terna correspondiente estar\u00e1 integrada por Karla Gabriela Alcaraz Olvera, Jos\u00e9 Manuel Ramos Robles y Vicente de Jes\u00fas Esqueda M\u00e9ndez. \u00a0Este ultimo quien en su momento fuera l\u00edder estatal del PAN, as\u00ed como magistrado del Tribunal de lo contencioso administrativo quien participo en como cualquier ciudadano para buscar la titularidad del ombudsman estatal de los derechos humanos.<\/p>\n<p>El dictamen fue turnado a la Mesa Directiva para que sea enlistado en el orden del d\u00eda de la Sesi\u00f3n de Pleno correspondiente.<\/p>\n","protected":false},"excerpt":{"rendered":"","protected":false},"author":1,"featured_media":4589,"comment_status":"open","ping_status":"open","sticky":false,"template":"","format":"standard","meta":[],"categories":[6],"tags":[],"_links":{"self":[{"href":"https:\/\/inforedguanajuato.com\/index.php?rest_route=\/wp\/v2\/posts\/4588"}],"collection":[{"href":"https:\/\/inforedguanajuato.com\/index.php?rest_route=\/wp\/v2\/posts"}],"about":[{"href":"https:\/\/inforedguanajuato.com\/index.php?rest_route=\/wp\/v2\/types\/post"}],"author":[{"embeddable":true,"href":"https:\/\/inforedguanajuato.com\/index.php?rest_route=\/wp\/v2\/users\/1"}],"replies":[{"embeddable":true,"href":"https:\/\/inforedguanajuato.com\/index.php?rest_route=%2Fwp%2Fv2%2Fcomments&post=4588"}],"version-history":[{"count":1,"href":"https:\/\/inforedguanajuato.com\/index.php?rest_route=\/wp\/v2\/posts\/4588\/revisions"}],"predecessor-version":[{"id":4590,"href":"https:\/\/inforedguanajuato.com\/index.php?rest_route=\/wp\/v2\/posts\/4588\/revisions\/4590"}],"wp:featuredmedia":[{"embeddable":true,"href":"https:\/\/inforedguanajuato.com\/index.php?rest_route=\/wp\/v2\/media\/4589"}],"wp:attachment":[{"href":"https:\/\/inforedguanajuato.com\/index.php?rest_route=%2Fwp%2Fv2%2Fmedia&parent=4588"}],"wp:term":[{"taxonomy":"category","embeddable":true,"href":"https:\/\/inforedguanajuato.com\/index.php?rest_route=%2Fwp%2Fv2%2Fcategories&post=4588"},{"taxonomy":"post_tag","embeddable":true,"href":"https:\/\/inforedguanajuato.com\/index.php?rest_route=%2Fwp%2Fv2%2Ftags&post=4588"}],"curies":[{"name":"wp","href":"https:\/\/api.w.org\/{rel}","templated":true}]}}