{"id":4609,"date":"2020-12-16T17:13:24","date_gmt":"2020-12-16T22:13:24","guid":{"rendered":"http:\/\/inforedguanajuato.com\/?p=4609"},"modified":"2020-12-16T17:13:24","modified_gmt":"2020-12-16T22:13:24","slug":"sin-cubre-bocas-vicente-esqueda-nuevo-procurador-de-los-derechos-humanos-toma-protesta-en-el-congreso-del-estado","status":"publish","type":"post","link":"https:\/\/inforedguanajuato.com\/?p=4609","title":{"rendered":"SIN CUBRE BOCAS VICENTE ESQUEDA NUEVO PROCURADOR DE LOS DERECHOS HUMANOS TOMA PROTESTA EN EL CONGRESO DEL ESTADO."},"content":{"rendered":"<p><!--more--><\/p>\n<p>Guanajuato, Gto., a 16 de diciembre de 2020.- El Pleno del Congreso local design\u00f3 a Vicente de Jes\u00fas Esqueda M\u00e9ndez como titular de la Procuradur\u00eda de los Derechos Humanos del Estado de Guanajuato.<\/p>\n<p>La diputada Katya Soto Escamilla afirm\u00f3 que el proceso de designaci\u00f3n \u201cse realiz\u00f3 apegado a la Convocatoria, misma que fue aprobada por unanimidad de las diputadas y los diputados integrantes de la Junta de Gobierno\u201d.<\/p>\n<p>Remarc\u00f3 que la Convocatoria establece los plazos y mecanismos para llevar a cabo la elecci\u00f3n del Ombudsman guanajuatense, adem\u00e1s de que se encuentra apegada tanto a la Constituci\u00f3n Pol\u00edtica para el Estado de Guanajuato como a la Ley para la protecci\u00f3n de los derechos humanos en el Estado de Guanajuato.<\/p>\n<p>Por otro lado, refiri\u00f3 que dadas las condiciones de salud ante la contingencia sanitaria derivada del SARS-Cov-2, se determin\u00f3 llevar a cabo las entrevistas a los aspirantes al cargo por medios electr\u00f3nicos; sin embargo, este esquema no permit\u00eda, materialmente, llevar un control sobre qui\u00e9nes daban seguimiento a la transmisi\u00f3n, raz\u00f3n por la cual tambi\u00e9n se acord\u00f3 que su difusi\u00f3n por los portales habilitados por el Congreso del Estado fuera de manera diferida para evitar ventajas a las y los aspirantes finales al conocer los aspectos que se estaban preguntando y tener oportunidad de preparar sus respuestas.<\/p>\n<p>La diputada Katya Soto dej\u00f3 claro que las valoraciones a quienes participaron en las entrevistas se realizaron bajo criterios objetivos, con la finalidad de garantizar que el m\u00e9rito y capacidades de ellas y ellos fueran los elementos preponderantes para la decisi\u00f3n de la terna.<\/p>\n<p>Por su parte, la diputada Cristina M\u00e1rquez Alcal\u00e1 coincidi\u00f3 en se\u00f1alar que el proceso fue apegado al acuerdo tomado por unanimidad por la Junta de Gobierno, que se analizaron cada uno de los perfiles postulados y se\u00f1al\u00f3 que en el dictamen obran los anexos que forman parte \u00edntegra del mismo.<\/p>\n<p>En tanto, la diputada Libia Garc\u00eda dej\u00f3 claro que en la Comisi\u00f3n de Derechos Humanos y Atenci\u00f3n a Grupos Vulnerables se realiz\u00f3 un trabajo responsable y transparente en el an\u00e1lisis de los perfiles considerados, bajo criterios objetivos, entre los que destacan el perfil profesional, las propuestas de acci\u00f3n, la experiencia en derechos humanos y en la administraci\u00f3n p\u00fablica y la consistencia de los planteamientos expresados en las entrevistas por los aspirantes que cumplieron con los requisitos exigidos por la propia convocatoria.<\/p>\n","protected":false},"excerpt":{"rendered":"","protected":false},"author":1,"featured_media":4610,"comment_status":"open","ping_status":"open","sticky":false,"template":"","format":"standard","meta":[],"categories":[6],"tags":[],"_links":{"self":[{"href":"https:\/\/inforedguanajuato.com\/index.php?rest_route=\/wp\/v2\/posts\/4609"}],"collection":[{"href":"https:\/\/inforedguanajuato.com\/index.php?rest_route=\/wp\/v2\/posts"}],"about":[{"href":"https:\/\/inforedguanajuato.com\/index.php?rest_route=\/wp\/v2\/types\/post"}],"author":[{"embeddable":true,"href":"https:\/\/inforedguanajuato.com\/index.php?rest_route=\/wp\/v2\/users\/1"}],"replies":[{"embeddable":true,"href":"https:\/\/inforedguanajuato.com\/index.php?rest_route=%2Fwp%2Fv2%2Fcomments&post=4609"}],"version-history":[{"count":1,"href":"https:\/\/inforedguanajuato.com\/index.php?rest_route=\/wp\/v2\/posts\/4609\/revisions"}],"predecessor-version":[{"id":4611,"href":"https:\/\/inforedguanajuato.com\/index.php?rest_route=\/wp\/v2\/posts\/4609\/revisions\/4611"}],"wp:featuredmedia":[{"embeddable":true,"href":"https:\/\/inforedguanajuato.com\/index.php?rest_route=\/wp\/v2\/media\/4610"}],"wp:attachment":[{"href":"https:\/\/inforedguanajuato.com\/index.php?rest_route=%2Fwp%2Fv2%2Fmedia&parent=4609"}],"wp:term":[{"taxonomy":"category","embeddable":true,"href":"https:\/\/inforedguanajuato.com\/index.php?rest_route=%2Fwp%2Fv2%2Fcategories&post=4609"},{"taxonomy":"post_tag","embeddable":true,"href":"https:\/\/inforedguanajuato.com\/index.php?rest_route=%2Fwp%2Fv2%2Ftags&post=4609"}],"curies":[{"name":"wp","href":"https:\/\/api.w.org\/{rel}","templated":true}]}}