{"id":4712,"date":"2021-01-04T16:46:34","date_gmt":"2021-01-04T21:46:34","guid":{"rendered":"http:\/\/inforedguanajuato.com\/?p=4712"},"modified":"2021-01-04T16:46:34","modified_gmt":"2021-01-04T21:46:34","slug":"dan-el-ultimo-adios-al-jefe-de-bomberos-de-guanajuato-mario-manuel-barron-morales","status":"publish","type":"post","link":"https:\/\/inforedguanajuato.com\/?p=4712","title":{"rendered":"DAN EL \u00daLTIMO ADI\u00d3S AL JEFE DE BOMBEROS DE GUANAJUATO  MARIO MANUEL BARR\u00d3N MORALES."},"content":{"rendered":"<p><!--more--><\/p>\n<p>Guanajuato, Gto., 4 de enero de 2021.- Familiares, amigos, bomberos, param\u00e9dicos y autoridades municipales, le dieron el \u00faltimo adi\u00f3s al Jefe del Heroico Cuerpo de Bomberos Voluntarios de Guanajuato, Mario Manuel Barr\u00f3n Morales.<\/p>\n<p>Con una ceremonia de cuerpo presente en la Central de Bomberos de Pozuelos, el &#8220;Jefe Mario&#8221; realiz\u00f3 su \u00faltimo servicio a bordo de la unidad n\u00famero 1, que llev\u00f3 el f\u00e9retro a la Bas\u00edlica Colegiata de Nuestra Se\u00f1ora de Guanajuato.<\/p>\n<p>El Presidente Municipal de Guanajuato, Alejandro Navarro Salda\u00f1a, record\u00f3 a Mario Barr\u00f3n Morales como una persona que entreg\u00f3 su vida a las de los dem\u00e1s, tanto como bombero y param\u00e9dico, como maestro.<\/p>\n<p>&#8220;Hoy perdemos un gran ciudadano. Hoy honramos la memoria del maestro Mario Barr\u00f3n Morales&#8221;, dijo Navarro Salda\u00f1a quien tambi\u00e9n record\u00f3 que en 2019 se le otorg\u00f3 el reconocimiento de Guanajuatense Distinguido por su trayectoria de vida.<\/p>\n<p>Por su parte, el subcomandante de Bomberos, Daniel Barrera, asegur\u00f3 que el recuerdo de Mario Barr\u00f3n vivir\u00e1 por siempre en la memoria de Guanajuato Capital.<\/p>\n","protected":false},"excerpt":{"rendered":"","protected":false},"author":1,"featured_media":4713,"comment_status":"open","ping_status":"open","sticky":false,"template":"","format":"standard","meta":[],"categories":[3],"tags":[],"_links":{"self":[{"href":"https:\/\/inforedguanajuato.com\/index.php?rest_route=\/wp\/v2\/posts\/4712"}],"collection":[{"href":"https:\/\/inforedguanajuato.com\/index.php?rest_route=\/wp\/v2\/posts"}],"about":[{"href":"https:\/\/inforedguanajuato.com\/index.php?rest_route=\/wp\/v2\/types\/post"}],"author":[{"embeddable":true,"href":"https:\/\/inforedguanajuato.com\/index.php?rest_route=\/wp\/v2\/users\/1"}],"replies":[{"embeddable":true,"href":"https:\/\/inforedguanajuato.com\/index.php?rest_route=%2Fwp%2Fv2%2Fcomments&post=4712"}],"version-history":[{"count":1,"href":"https:\/\/inforedguanajuato.com\/index.php?rest_route=\/wp\/v2\/posts\/4712\/revisions"}],"predecessor-version":[{"id":4714,"href":"https:\/\/inforedguanajuato.com\/index.php?rest_route=\/wp\/v2\/posts\/4712\/revisions\/4714"}],"wp:featuredmedia":[{"embeddable":true,"href":"https:\/\/inforedguanajuato.com\/index.php?rest_route=\/wp\/v2\/media\/4713"}],"wp:attachment":[{"href":"https:\/\/inforedguanajuato.com\/index.php?rest_route=%2Fwp%2Fv2%2Fmedia&parent=4712"}],"wp:term":[{"taxonomy":"category","embeddable":true,"href":"https:\/\/inforedguanajuato.com\/index.php?rest_route=%2Fwp%2Fv2%2Fcategories&post=4712"},{"taxonomy":"post_tag","embeddable":true,"href":"https:\/\/inforedguanajuato.com\/index.php?rest_route=%2Fwp%2Fv2%2Ftags&post=4712"}],"curies":[{"name":"wp","href":"https:\/\/api.w.org\/{rel}","templated":true}]}}