{"id":4977,"date":"2021-02-23T18:22:43","date_gmt":"2021-02-23T23:22:43","guid":{"rendered":"http:\/\/inforedguanajuato.com\/?p=4977"},"modified":"2021-02-23T18:22:43","modified_gmt":"2021-02-23T23:22:43","slug":"en-guanajuato-arranca-el-primer-taller-para-padres-con-hijos-con-discapacidad","status":"publish","type":"post","link":"https:\/\/inforedguanajuato.com\/?p=4977","title":{"rendered":"EN GUANAJUATO ARRANCA EL PRIMER TALLER PARA PADRES CON HIJOS CON DISCAPACIDAD."},"content":{"rendered":"<p><!--more--><\/p>\n<p>Silao, Guanajuato; 23 de febrero.- \u201cEn este taller vamos a ver y a palpar las situaciones que se viven dentro de una familia con un hijo que tiene alguna discapacidad y que antes no se ten\u00eda la posibilidad de hablar del tema\u201d, inform\u00f3 Jos\u00e9 Jos\u00e9 Grimaldo Colmenero, director del Instituto Guanajuatense para Personas con Discapacidad.<\/p>\n<p>Ante la presencia de 37 familias arranc\u00f3 el \u201c1er Taller para Padres don Hijos con Discapacidad\u201d que se llevar\u00e1 a cabo de manera virtual y donde participan familias de 11 municipios: Celaya, Le\u00f3n, Cuer\u00e1maro, San Francisco del Rinc\u00f3n, Jaral del Progreso, Coroneo, Silao, Celaya, Salvatierra, Irapuato, Guanajuato, Yur\u00edria.<\/p>\n<p>Jos\u00e9 Grimaldo reconoci\u00f3 que \u201csi ser padre, significa un cambio de vida, ahora imaginen cuando nace con alguna discapacidad\u201d.<\/p>\n<p>Al referirse a su experiencia personal, Jos\u00e9 Grimaldo narr\u00f3 que cuando \u00e9l naci\u00f3 ya hab\u00edan 6 hermanos antes y cuando \u00e9l lleg\u00f3 no hab\u00eda servicio m\u00e9dico cerca, as\u00ed que sus padres se enteraron de su discapacidad cuando lo vieron, sin embargo refiere que contar con el apoyo de sus padres ha sido la fuerza para salir adelante.<\/p>\n<p>Ana Estela Vel\u00e1zquez, Coordinadora del Centro de Rehabilitaci\u00f3n, al dar la bienvenida, explic\u00f3 que con el taller se espera que los asistentes tengan un intercambio de experiencias, de recomendaciones y herramientas para dar acompa\u00f1amiento a las personas con discapacidad.<\/p>\n<p>Durante la reuni\u00f3n virtual entre madres y padres de familia, Marisela Herrera, quien tiene un hijo con talla baja y Ern\u00ed P\u00e9rez que tiene una hija con S\u00edndrome Down, coincidieron en reconocer que los primero que se siente es miedo y desconocimiento al enfrentar una situaci\u00f3n que no se ten\u00eda prevista.<\/p>\n<p>Sin embargo, reconocieron que frente al poco avance de informaci\u00f3n y desconocimiento de las diferentes caracter\u00edsticas que tiene cada discapacidad, el mejor consejo que se puede dar para avanzar, es reconocer a la persona, entender la dignidad y ayudarla a encontrar su prop\u00f3sito en la vida.<\/p>\n<p>En el an\u00e1lisis de casu\u00edstica, Grimaldo destac\u00f3 la importancia de fomentar el amor entre hermanos, abuelos, padres y hasta los amigos que rodean a una persona con discapacidad, a fin de evitar que no se sientan excluidos, agredidos o marginados.<\/p>\n<p>Entre los comentarios vertidos por los asistentes se reconoci\u00f3 que la rehabilitaci\u00f3n de un ni\u00f1o con discapacidad, debe de ser desde que nace y no s\u00f3lo f\u00edsicamente sino tambi\u00e9n intelectualmente, as\u00ed lo se\u00f1al\u00f3 la mam\u00e1 de Maritza, quien tiene una discapacidad f\u00edsico-motora.<\/p>\n<p>Los participantes tendr\u00e1n una sesi\u00f3n semanal con el apoyo de un grupo de expertos multidisciplinarios del Centro de Adaptaci\u00f3n de diferentes disciplinas donde se abordaran diferentes temas como roles dentro de la familia, apoyo mutuo, entre otros.<\/p>\n","protected":false},"excerpt":{"rendered":"","protected":false},"author":1,"featured_media":4978,"comment_status":"open","ping_status":"open","sticky":false,"template":"","format":"standard","meta":[],"categories":[4],"tags":[],"_links":{"self":[{"href":"https:\/\/inforedguanajuato.com\/index.php?rest_route=\/wp\/v2\/posts\/4977"}],"collection":[{"href":"https:\/\/inforedguanajuato.com\/index.php?rest_route=\/wp\/v2\/posts"}],"about":[{"href":"https:\/\/inforedguanajuato.com\/index.php?rest_route=\/wp\/v2\/types\/post"}],"author":[{"embeddable":true,"href":"https:\/\/inforedguanajuato.com\/index.php?rest_route=\/wp\/v2\/users\/1"}],"replies":[{"embeddable":true,"href":"https:\/\/inforedguanajuato.com\/index.php?rest_route=%2Fwp%2Fv2%2Fcomments&post=4977"}],"version-history":[{"count":1,"href":"https:\/\/inforedguanajuato.com\/index.php?rest_route=\/wp\/v2\/posts\/4977\/revisions"}],"predecessor-version":[{"id":4979,"href":"https:\/\/inforedguanajuato.com\/index.php?rest_route=\/wp\/v2\/posts\/4977\/revisions\/4979"}],"wp:featuredmedia":[{"embeddable":true,"href":"https:\/\/inforedguanajuato.com\/index.php?rest_route=\/wp\/v2\/media\/4978"}],"wp:attachment":[{"href":"https:\/\/inforedguanajuato.com\/index.php?rest_route=%2Fwp%2Fv2%2Fmedia&parent=4977"}],"wp:term":[{"taxonomy":"category","embeddable":true,"href":"https:\/\/inforedguanajuato.com\/index.php?rest_route=%2Fwp%2Fv2%2Fcategories&post=4977"},{"taxonomy":"post_tag","embeddable":true,"href":"https:\/\/inforedguanajuato.com\/index.php?rest_route=%2Fwp%2Fv2%2Ftags&post=4977"}],"curies":[{"name":"wp","href":"https:\/\/api.w.org\/{rel}","templated":true}]}}