{"id":6299,"date":"2021-11-10T20:40:22","date_gmt":"2021-11-11T01:40:22","guid":{"rendered":"https:\/\/inforedguanajuato.com\/?p=6299"},"modified":"2021-11-10T20:56:50","modified_gmt":"2021-11-11T01:56:50","slug":"aprueban-dictamenes-sobre-la-ratificacion-de-integrantes-del-consejo-consultivo-del-prodheg","status":"publish","type":"post","link":"https:\/\/inforedguanajuato.com\/?p=6299","title":{"rendered":"APRUEBAN DICT\u00c1MENES SOBRE LA RATIFICACI\u00d3N DE INTEGRANTES DEL CONSEJO CONSULTIVO DEL PRODHEG"},"content":{"rendered":"<p>Guanajuato, Gto A 10 de noviembre del 2021.\u2013 La Comisi\u00f3n de Derechos Humanos y Atenci\u00f3n a Grupos Vulnerables se aprobaron los dict\u00e1menes mediante los cuales se ratifica por un segundo periodo de tres a\u00f1os, como integrantes del Consejo Consultivo de la Procuradur\u00eda de los Derechos Humanos del Estado de Guanajuato (PRODHEG), a Adriana Mar\u00eda Cort\u00e9s Jim\u00e9nez y a J. Jes\u00fas Badillo Lara.<br \/>\nAdem\u00e1s, en la sesi\u00f3n se radicaron dos puntos de acuerdo. El primero busca exhortar al Poder Ejecutivo del Estado de Guanajuato para que en ejercicio de sus atribuciones legales tenga a bien expedir las disposiciones reglamentarias de la Ley de Inclusi\u00f3n para las Personas con Discapacidad en el Estado de Guanajuato y, el segundo, exhortar al Gobierno del Estado de Guanajuato, as\u00ed como al Sistema Estatal para el Desarrollo Integral de la Familia y a la Procuradur\u00eda Estatal de Protecci\u00f3n de Ni\u00f1as, Ni\u00f1os y Adolescentes, a efecto de emprender las tareas requeridas para la creaci\u00f3n del Registro Estatal sobre Orfandad a Causa del COVID-19; as\u00ed tambi\u00e9n al Gobierno del Estado de Guanajuato para que presente un informe detallado sobre los avances del Programa Unidos GTO Apoyo por Covid-19.<br \/>\nAdem\u00e1s, se dio cuenta con dos iniciativas de reforma a la Ley para la Protecci\u00f3n de los Derechos Humanos en el Estado de Guanajuato. Una busca establecer como una de sus atribuciones que en colaboraci\u00f3n con el Estado y Municipios dise\u00f1e, elabore, difunda y promueva protocolos de actuaci\u00f3n para la detenci\u00f3n y aseguramiento de personas en el uso de la fuerza policial; la otra, pretende hacer obligatorias las recomendaciones emitidas por Procuradur\u00eda de los Derechos Humanos del Estado de Guanajuato para la Fiscal\u00eda General del Estado y las instituciones municipales y estatal de seguridad p\u00fablica.<br \/>\nComo parte del orden del d\u00eda los integrantes de la Comisi\u00f3n reflexionaron sobre el acuerdo para reunirse con el doctor Jos\u00e9 Raymundo Sandoval Bautista. Al respecto, el diputado Gustavo Adolfo Alfaro Reyes se pronunci\u00f3 por establecer las medidas para dar el espacio suficiente a los colectivos y al doctor Sandoval Bautista; mientras que, la congresista Katya Cristina Soto Escamilla indic\u00f3 que era relevante la reuni\u00f3n y plante\u00f3 que se pudiera hacer llegar la propuesta de metodolog\u00eda para la misma.<br \/>\nPor su parte, la legisladora Janet Melanie Murillo Ch\u00e1vez apunt\u00f3 que conocer de su propia voz lo que pasaba en la entidad era lo mejor que se pod\u00eda hacer para fortalecer los trabajos legislativos, sin embargo, indic\u00f3 que para ello se requer\u00eda darles un espacio de tiempo adecuado y generar una din\u00e1mica que les permitiera que el di\u00e1logo fuera efectivo.<br \/>\nPor otro lado David Mart\u00ednez Mendiz\u00e1bal subray\u00f3 que la propuesta era clara, presentar la agenda de v\u00edctimas, que no deb\u00edan dilatar m\u00e1s esperando metodolog\u00eda, ya que lo \u00fanico que se estaba haciendo era retrasar el di\u00e1logo con un colectivo que atend\u00eda un problema muy grave en el estado.<br \/>\nLa congresista Janet Melanie Murillo Ch\u00e1vez insisti\u00f3 que no era un tema de dilaci\u00f3n sino uno que se ten\u00eda que atender de manera oportuna y eficiente por la problem\u00e1tica que se est\u00e1 dando. En el mismo sentido se pronunci\u00f3 la diputada Briseida Anabel Magdaleno Gonz\u00e1lez, quien indic\u00f3 que no hab\u00eda impedimento por recibirlos, que el tema era de gran importancia para ambos, pero, por lo mismo, se requer\u00eda de tener un orden en la forma en que se iban a recibir, que la apertura exist\u00eda y estaban en la mejor disposici\u00f3n.<br \/>\nFinalmente, se acord\u00f3, por mayor\u00eda, que se enviar\u00edan las propuestas para la mec\u00e1nica de la reuni\u00f3n a la secretar\u00eda t\u00e9cnica y se ver\u00edan en la siguiente sesi\u00f3n.<\/p>\n","protected":false},"excerpt":{"rendered":"<p>Guanajuato, Gto A 10 de noviembre del 2021.\u2013 La Comisi\u00f3n de Derechos Humanos y Atenci\u00f3n a Grupos Vulnerables se aprobaron los dict\u00e1menes mediante los cuales se ratifica por un segundo periodo de tres a\u00f1os, como integrantes del Consejo Consultivo de la Procuradur\u00eda de los Derechos Humanos del Estado de Guanajuato [&hellip;]<\/p>\n","protected":false},"author":1,"featured_media":6301,"comment_status":"open","ping_status":"open","sticky":false,"template":"","format":"standard","meta":[],"categories":[1],"tags":[],"_links":{"self":[{"href":"https:\/\/inforedguanajuato.com\/index.php?rest_route=\/wp\/v2\/posts\/6299"}],"collection":[{"href":"https:\/\/inforedguanajuato.com\/index.php?rest_route=\/wp\/v2\/posts"}],"about":[{"href":"https:\/\/inforedguanajuato.com\/index.php?rest_route=\/wp\/v2\/types\/post"}],"author":[{"embeddable":true,"href":"https:\/\/inforedguanajuato.com\/index.php?rest_route=\/wp\/v2\/users\/1"}],"replies":[{"embeddable":true,"href":"https:\/\/inforedguanajuato.com\/index.php?rest_route=%2Fwp%2Fv2%2Fcomments&post=6299"}],"version-history":[{"count":1,"href":"https:\/\/inforedguanajuato.com\/index.php?rest_route=\/wp\/v2\/posts\/6299\/revisions"}],"predecessor-version":[{"id":6300,"href":"https:\/\/inforedguanajuato.com\/index.php?rest_route=\/wp\/v2\/posts\/6299\/revisions\/6300"}],"wp:featuredmedia":[{"embeddable":true,"href":"https:\/\/inforedguanajuato.com\/index.php?rest_route=\/wp\/v2\/media\/6301"}],"wp:attachment":[{"href":"https:\/\/inforedguanajuato.com\/index.php?rest_route=%2Fwp%2Fv2%2Fmedia&parent=6299"}],"wp:term":[{"taxonomy":"category","embeddable":true,"href":"https:\/\/inforedguanajuato.com\/index.php?rest_route=%2Fwp%2Fv2%2Fcategories&post=6299"},{"taxonomy":"post_tag","embeddable":true,"href":"https:\/\/inforedguanajuato.com\/index.php?rest_route=%2Fwp%2Fv2%2Ftags&post=6299"}],"curies":[{"name":"wp","href":"https:\/\/api.w.org\/{rel}","templated":true}]}}