{"id":6858,"date":"2022-03-08T21:22:16","date_gmt":"2022-03-09T02:22:16","guid":{"rendered":"http:\/\/inforedguanajuato.com\/?p=6858"},"modified":"2022-03-08T21:22:17","modified_gmt":"2022-03-09T02:22:17","slug":"conmemora-ieeg-dia-internacional-de-la-mujer","status":"publish","type":"post","link":"https:\/\/inforedguanajuato.com\/?p=6858","title":{"rendered":"CONMEMORA IEEG D\u00cdA INTERNACIONAL DE LA MUJER"},"content":{"rendered":"<p>Guanajuato Gto 8 marzo 2022.- En el marco del D\u00eda Internacional de la Mujer, el Instituto Electoral del Estado de Guanajuato a trav\u00e9s de la Unidad T\u00e9cnica de Igualdad de G\u00e9nero y No Discriminaci\u00f3n y de la Comisi\u00f3n Contra la Violencia Pol\u00edtica Electoral a la Mujeres, realiz\u00f3 la conferencia \u201cViolencia Pol\u00edtica contra las Mujeres en Raz\u00f3n de G\u00e9nero en los Municipios. Estrategias desde la Sociedad civil para su prevenci\u00f3n y atenci\u00f3n\u201d.<\/p>\n<p>La conferencia cont\u00f3 con la participaci\u00f3n de la Consejera Presidenta del IEEG, Brenda Canchola Elizarraraz; de la Consejera Electoral, Mar\u00eda Concepci\u00f3n Esther Aboites S\u00e1mano, presidenta de la Comisi\u00f3n Contra la Violencia Pol\u00edtica Electoral a la Mujeres; de la Consejera Electoral, Sandra Liliana Prieto de Le\u00f3n y del Consejero Electoral, Antonio Ortiz Hern\u00e1ndez, integrantes de la Comisi\u00f3n Contra la Violencia Pol\u00edtica Electoral a la Mujeres.<\/p>\n<p>La ponencia estuvo a cargo de Muriel Salinas D\u00edaz. Activista, feminista y defensora de los derechos humanos de las mujeres en M\u00e9xico.<\/p>\n<p>Los objetivos de la conferencia fueron fortalecer e incentivar la participaci\u00f3n pol\u00edtica de las mujeres a trav\u00e9s de acciones de difusi\u00f3n; analizar las condiciones en que se desarrolla la participaci\u00f3n pol\u00edtica de las mujeres, as\u00ed como las barreras culturales que a\u00fan persisten para el pleno ejercicio de los derechos pol\u00edtico-electorales de las mujeres; concientizar, prevenir y erradicar la violencia pol\u00edtica electoral contra las mujeres en raz\u00f3n de g\u00e9nero; reflexionar sobre estrategias desde la sociedad civil para prevenir y atender la violencia pol\u00edtica contra las mujeres en raz\u00f3n de g\u00e9nero y analizar la incorporaci\u00f3n de la perspectiva de g\u00e9nero.<\/p>\n<p>En su intervenci\u00f3n, la Consejera Presidenta del IEEG, Brenda Canchola Elizarraraz, expres\u00f3 que es obligaci\u00f3n de las autoridades de todos los \u00e1mbitos en el ejercicio de sus atribuciones, visibilizar y disuadir la violencia pol\u00edtica en raz\u00f3n de g\u00e9nero.<\/p>\n<p>\u201cEl d\u00eda de hoy no es una celebraci\u00f3n, esta fecha fue instaurada para conmemorar los episodios violentos generados contra las mujeres en raz\u00f3n de g\u00e9nero y como un espacio que nos sirva para la reflexi\u00f3n acerca de todas las manifestaciones en las que las mujeres hemos exigido nuestros derechos, as\u00ed como los esfuerzos sociales e institucionales que se han realizado para que las mujeres accedamos a vida plena y libre de violencia\u201d, dijo la Consejera Presidenta.<\/p>\n<p>La Consejera Electoral, Mar\u00eda Concepci\u00f3n Esther Aboites S\u00e1mano, presidenta de la Comisi\u00f3n Contra la Violencia Pol\u00edtica Electoral a la Mujeres, coment\u00f3 que la violencia contra las mujeres hist\u00f3ricamente ha sido directa y simb\u00f3lica, se ha manifestado en espacios privados y p\u00fablicos de diversas maneras y la actividad pol\u00edtica no es ajena a la discriminaci\u00f3n. Refrend\u00f3 el compromiso del IEEG para continuar con la realizaci\u00f3n de actividades que abonen a la visibilizaci\u00f3n y seguimiento al tema en favor de la igualdad sustantiva y el pleno ejercicio y goce de los derechos pol\u00edticos de las mujeres.<\/p>\n<p>La Consejera Electoral, Sandra Liliana Prieto de Le\u00f3n, dijo estar convencida que realizar ejercicios de comparaci\u00f3n de actividades que se hacen en otras entidades federativas, son productivos para las autoridades electorales porque se puede recoger buenas pr\u00e1cticas para adecuarlas a la realidad de la entidad federativa que corresponda.<\/p>\n","protected":false},"excerpt":{"rendered":"<p>Guanajuato Gto 8 marzo 2022.- En el marco del D\u00eda Internacional de la Mujer, el Instituto Electoral del Estado de Guanajuato a trav\u00e9s de la Unidad T\u00e9cnica de Igualdad de G\u00e9nero y No Discriminaci\u00f3n y de la Comisi\u00f3n Contra la Violencia Pol\u00edtica Electoral a la Mujeres, realiz\u00f3 la conferencia \u201cViolencia [&hellip;]<\/p>\n","protected":false},"author":1,"featured_media":6859,"comment_status":"open","ping_status":"open","sticky":false,"template":"","format":"standard","meta":[],"categories":[1],"tags":[],"_links":{"self":[{"href":"https:\/\/inforedguanajuato.com\/index.php?rest_route=\/wp\/v2\/posts\/6858"}],"collection":[{"href":"https:\/\/inforedguanajuato.com\/index.php?rest_route=\/wp\/v2\/posts"}],"about":[{"href":"https:\/\/inforedguanajuato.com\/index.php?rest_route=\/wp\/v2\/types\/post"}],"author":[{"embeddable":true,"href":"https:\/\/inforedguanajuato.com\/index.php?rest_route=\/wp\/v2\/users\/1"}],"replies":[{"embeddable":true,"href":"https:\/\/inforedguanajuato.com\/index.php?rest_route=%2Fwp%2Fv2%2Fcomments&post=6858"}],"version-history":[{"count":1,"href":"https:\/\/inforedguanajuato.com\/index.php?rest_route=\/wp\/v2\/posts\/6858\/revisions"}],"predecessor-version":[{"id":6860,"href":"https:\/\/inforedguanajuato.com\/index.php?rest_route=\/wp\/v2\/posts\/6858\/revisions\/6860"}],"wp:featuredmedia":[{"embeddable":true,"href":"https:\/\/inforedguanajuato.com\/index.php?rest_route=\/wp\/v2\/media\/6859"}],"wp:attachment":[{"href":"https:\/\/inforedguanajuato.com\/index.php?rest_route=%2Fwp%2Fv2%2Fmedia&parent=6858"}],"wp:term":[{"taxonomy":"category","embeddable":true,"href":"https:\/\/inforedguanajuato.com\/index.php?rest_route=%2Fwp%2Fv2%2Fcategories&post=6858"},{"taxonomy":"post_tag","embeddable":true,"href":"https:\/\/inforedguanajuato.com\/index.php?rest_route=%2Fwp%2Fv2%2Ftags&post=6858"}],"curies":[{"name":"wp","href":"https:\/\/api.w.org\/{rel}","templated":true}]}}