{"id":690,"date":"2019-09-09T11:45:31","date_gmt":"2019-09-09T16:45:31","guid":{"rendered":"http:\/\/inforedguanajuato.com\/?p=690"},"modified":"2019-09-09T11:45:31","modified_gmt":"2019-09-09T16:45:31","slug":"impartiran-especialistas-charlas-sobre-la-independencia-nacional-y-la-relevancia-historica-de-guanajuato-capital","status":"publish","type":"post","link":"https:\/\/inforedguanajuato.com\/?p=690","title":{"rendered":"IMPARTIR\u00c1N ESPECIALISTAS CHARLAS SOBRE LA INDEPENDENCIA NACIONAL Y LA RELEVANCIA HIST\u00d3RICA DE GUANAJUATO CAPITAL."},"content":{"rendered":"<p><!--more--><\/p>\n<p>Guanajuato, Gto.; 6 de septiembre de 2019.\u2013\u00a0Cuatro especialistas sobre la Guerra de Independencia impartir\u00e1n charlas sobre acontecimientos hist\u00f3ricos del Mes Patrio en el Sal\u00f3n Presidentes de la Presidencia Municipal y el mirador del P\u00edpila.<\/p>\n<p>La doctora en Historia por la universidad Jaume I, Graciela Bernal Ruiz, inaugurar\u00e1 el ciclo de ponencias el lunes 9 de septiembre, a las 6:00 de la tarde, en el sal\u00f3n Presidentes de la Presidencia Municipal.<\/p>\n<p>Profesora del Departamento de Historia de la Universidad de Guanajuato (UG), donde imparte cursos de los virreinatos americanos, los procesos de independencia hispanoamericanos e historia social, expondr\u00e1 detalles de los escenarios de la insurgencia.<\/p>\n<p>El jueves 19, el Carlos Sosa Pinz\u00f3n, quien imparte el seminario en Historia del M\u00e9xico Contempor\u00e1neo en la Escuela del Nivel Medio Superior de Guanajuato Capital de la UG, compartir\u00e1 aspectos sobre don Miguel Hidalgo y su presencia en la regi\u00f3n. La charla\u00a0hist\u00f3rica se desarrollar\u00e1 en el mismo sal\u00f3n Presidentes, tambi\u00e9n a las 6:00 de la tarde.<\/p>\n<p>El cronista de la ciudad y catedr\u00e1tico de la UG, Jos\u00e9 Eduardo Vidaurri Ar\u00e9chiga, disertar\u00e1 en torno a la ruta que tom\u00f3 la insurgencia para llegar a esta ciudad, el lunes 23 de septiembre, a la misma hora, en el mismo recinto ya citado.<\/p>\n<p>Por \u00faltimo, el viernes 27 de septiembre, el doctor en Artes por la UG y en Pedagog\u00eda por la Universidad Pedag\u00f3gica Nacional (UPN), Jos\u00e9 Luis Lara Vald\u00e9s, ofrecer\u00e1 una ponencia sobre la configuraci\u00f3n urbana de Guanajuato en 1810, con citas de su obra \u201cLa\u00a0ciudad de Guanajuato en el siglo XVIII. Estudio urban\u00edstico y Arquitect\u00f3nico\u201d (2001). Esta ponencia se dictar\u00e1 en el mirador del P\u00edpila, a partir de las 7:00 de la tarde.<\/p>\n<p>&nbsp;<\/p>\n","protected":false},"excerpt":{"rendered":"","protected":false},"author":1,"featured_media":691,"comment_status":"open","ping_status":"open","sticky":false,"template":"","format":"standard","meta":[],"categories":[3],"tags":[],"_links":{"self":[{"href":"https:\/\/inforedguanajuato.com\/index.php?rest_route=\/wp\/v2\/posts\/690"}],"collection":[{"href":"https:\/\/inforedguanajuato.com\/index.php?rest_route=\/wp\/v2\/posts"}],"about":[{"href":"https:\/\/inforedguanajuato.com\/index.php?rest_route=\/wp\/v2\/types\/post"}],"author":[{"embeddable":true,"href":"https:\/\/inforedguanajuato.com\/index.php?rest_route=\/wp\/v2\/users\/1"}],"replies":[{"embeddable":true,"href":"https:\/\/inforedguanajuato.com\/index.php?rest_route=%2Fwp%2Fv2%2Fcomments&post=690"}],"version-history":[{"count":1,"href":"https:\/\/inforedguanajuato.com\/index.php?rest_route=\/wp\/v2\/posts\/690\/revisions"}],"predecessor-version":[{"id":692,"href":"https:\/\/inforedguanajuato.com\/index.php?rest_route=\/wp\/v2\/posts\/690\/revisions\/692"}],"wp:featuredmedia":[{"embeddable":true,"href":"https:\/\/inforedguanajuato.com\/index.php?rest_route=\/wp\/v2\/media\/691"}],"wp:attachment":[{"href":"https:\/\/inforedguanajuato.com\/index.php?rest_route=%2Fwp%2Fv2%2Fmedia&parent=690"}],"wp:term":[{"taxonomy":"category","embeddable":true,"href":"https:\/\/inforedguanajuato.com\/index.php?rest_route=%2Fwp%2Fv2%2Fcategories&post=690"},{"taxonomy":"post_tag","embeddable":true,"href":"https:\/\/inforedguanajuato.com\/index.php?rest_route=%2Fwp%2Fv2%2Ftags&post=690"}],"curies":[{"name":"wp","href":"https:\/\/api.w.org\/{rel}","templated":true}]}}