{"id":7572,"date":"2022-07-26T13:22:14","date_gmt":"2022-07-26T18:22:14","guid":{"rendered":"https:\/\/inforedguanajuato.com\/?p=7572"},"modified":"2022-07-26T13:22:15","modified_gmt":"2022-07-26T18:22:15","slug":"analizan-iniciativa-de-ley-de-responsabilidad-ambiental-del-estado-de-guanajuato","status":"publish","type":"post","link":"https:\/\/inforedguanajuato.com\/?p=7572","title":{"rendered":"ANALIZAN INICIATIVA DE LEY DE RESPONSABILIDAD AMBIENTAL DEL ESTADO DE GUANAJUATO"},"content":{"rendered":"<p>Guanajuato, Gto 26 Julio 2022. \u2013 En reuni\u00f3n de la Comisi\u00f3n de Justicia se analiz\u00f3 la iniciativa de Ley de Responsabilidad Ambiental del Estado de Guanajuato y de adici\u00f3n al C\u00f3digo Penal, en su parte correspondiente al \u00faltimo de los ordenamientos mencionados.<\/p>\n<p>Dicha propuesta contempla la inclusi\u00f3n de un cap\u00edtulo denominado Responsabilidad Penal de Due\u00f1os o Administradores de Empresas en Delitos Contra el Medio Ambiente, a fin de establecer espec\u00edficamente la responsabilidad ambiental por parte de las empresas, as\u00ed como las sanciones por incurrir en la comisi\u00f3n de delitos que da\u00f1en el medio ambiente.<\/p>\n<p>La diputada Susana Berm\u00fadez Cano coment\u00f3 que ya se han revisado los tipos de responsabilidad penal y se interfiere con el principio de que la sociedad no puede delinquir, adem\u00e1s de que no se tiene cu\u00e1les son los delitos a los que pueden responder las personas morales, ya que su construcci\u00f3n corresponde a personas f\u00edsicas, por lo que consider\u00f3 que no era viable la propuesta.<\/p>\n<p>Al comentario de su hom\u00f3loga se sum\u00f3 la congresista Laura Cristina M\u00e1rquez Alcal\u00e1 quien destac\u00f3 que se trataba del an\u00e1lisis de una ley que no existe, por lo que se instruy\u00f3 la elaboraci\u00f3n del dictamen en sentido negativo.<\/p>\n<p>Como parte del orden del d\u00eda se tomaron acuerdos sobre tres iniciativas de reforma al C\u00f3digo Civil, relativas dos de ellas a la violencia vicaria y una sobre violencia a trav\u00e9s de interp\u00f3sita persona, las cuales se remitir\u00e1n para su opini\u00f3n al Supremo Tribunal de Justicia, a la Fiscal\u00eda General del Estado, a la Coordinaci\u00f3n General Jur\u00eddica y a las diputadas y los diputados integrantes de esta LXV Legislatura, quienes contar\u00e1n con 20 d\u00edas h\u00e1biles para remitir sus comentarios.<\/p>\n<p>Mismo tr\u00e1mite tuvo la propuesta para reformar el C\u00f3digo de Procedimiento y Justicia Administrativa para el Estado y los Municipios de Guanajuato que busca adicionar disposiciones relativas a medidas cautelares, con el fin de tutelar las garant\u00edas procesales de las partes en el juicio administrativo, que se enviar\u00e1 al Tribunal de Justicia Administrativa y a la Coordinaci\u00f3n General Jur\u00eddica para que env\u00eden sus observaciones en un periodo de 10 d\u00edas h\u00e1biles.<\/p>\n","protected":false},"excerpt":{"rendered":"<p>Guanajuato, Gto 26 Julio 2022. \u2013 En reuni\u00f3n de la Comisi\u00f3n de Justicia se analiz\u00f3 la iniciativa de Ley de Responsabilidad Ambiental del Estado de Guanajuato y de adici\u00f3n al C\u00f3digo Penal, en su parte correspondiente al \u00faltimo de los ordenamientos mencionados. Dicha propuesta contempla la inclusi\u00f3n de un cap\u00edtulo [&hellip;]<\/p>\n","protected":false},"author":1,"featured_media":7573,"comment_status":"open","ping_status":"open","sticky":false,"template":"","format":"standard","meta":[],"categories":[6],"tags":[],"_links":{"self":[{"href":"https:\/\/inforedguanajuato.com\/index.php?rest_route=\/wp\/v2\/posts\/7572"}],"collection":[{"href":"https:\/\/inforedguanajuato.com\/index.php?rest_route=\/wp\/v2\/posts"}],"about":[{"href":"https:\/\/inforedguanajuato.com\/index.php?rest_route=\/wp\/v2\/types\/post"}],"author":[{"embeddable":true,"href":"https:\/\/inforedguanajuato.com\/index.php?rest_route=\/wp\/v2\/users\/1"}],"replies":[{"embeddable":true,"href":"https:\/\/inforedguanajuato.com\/index.php?rest_route=%2Fwp%2Fv2%2Fcomments&post=7572"}],"version-history":[{"count":1,"href":"https:\/\/inforedguanajuato.com\/index.php?rest_route=\/wp\/v2\/posts\/7572\/revisions"}],"predecessor-version":[{"id":7574,"href":"https:\/\/inforedguanajuato.com\/index.php?rest_route=\/wp\/v2\/posts\/7572\/revisions\/7574"}],"wp:featuredmedia":[{"embeddable":true,"href":"https:\/\/inforedguanajuato.com\/index.php?rest_route=\/wp\/v2\/media\/7573"}],"wp:attachment":[{"href":"https:\/\/inforedguanajuato.com\/index.php?rest_route=%2Fwp%2Fv2%2Fmedia&parent=7572"}],"wp:term":[{"taxonomy":"category","embeddable":true,"href":"https:\/\/inforedguanajuato.com\/index.php?rest_route=%2Fwp%2Fv2%2Fcategories&post=7572"},{"taxonomy":"post_tag","embeddable":true,"href":"https:\/\/inforedguanajuato.com\/index.php?rest_route=%2Fwp%2Fv2%2Ftags&post=7572"}],"curies":[{"name":"wp","href":"https:\/\/api.w.org\/{rel}","templated":true}]}}