{"id":7607,"date":"2022-07-29T21:38:38","date_gmt":"2022-07-30T02:38:38","guid":{"rendered":"https:\/\/inforedguanajuato.com\/?p=7607"},"modified":"2022-07-29T21:38:39","modified_gmt":"2022-07-30T02:38:39","slug":"clausuran-curso-de-lengua-de-senas-mexicana","status":"publish","type":"post","link":"https:\/\/inforedguanajuato.com\/?p=7607","title":{"rendered":"CLAUSURAN CURSO DE LENGUA DE SE\u00d1AS MEXICANA"},"content":{"rendered":"<p>Guanajuato, Gto 289 julio 2022. \u2013  Este d\u00eda, en el Centro GLAM del Congreso del Estado, se llev\u00f3 a cabo la clausura del curso-taller \u201cB\u00e1sico introductorio a la Lengua de Se\u00f1as Mexicana\u201d cuyo objetivo principal es el de promover la inclusi\u00f3n y la igualdad.<br \/>\nEl curso -taller se imparti\u00f3 a 19 personas servidoras p\u00fablicas a fin de brindarles conocimientos generales de la Lengua de Se\u00f1as Mexicana, as\u00ed como aspectos culturales de la comunidad sorda, con la finalidad sensibilizarse en el tema y lograr la comunicaci\u00f3n viso gestual con la finalidad de otorgar una mejor atenci\u00f3n a la ciudadan\u00eda. Dicho curso fue distribuido en 5 sesiones con un total de 12 horas, entre los temas impartidos fueron introducci\u00f3n a la discapacidad auditiva, categorizaci\u00f3n de las personas sordas, configuraci\u00f3n de una se\u00f1a, entre otras.<br \/>\nEn su mensaje, la diputada Lilia Margarita Rionda Salas precis\u00f3 que el Congreso es un espacio plural y el cual busca promover la inclusi\u00f3n, generar conciencia y crear empat\u00eda con todas las personas sin importar su condici\u00f3n. Agreg\u00f3 que la comunicaci\u00f3n es la puerta y camino para la inclusi\u00f3n, motivo por el cual se organiz\u00f3 el curso-taller.<br \/>\n\u201cEste curso habla de que este Congreso quiere promover la inclusi\u00f3n y que en todos lados seamos m\u00e1s conscientes de la diversidad. Hoy ponemos el acento en las personas con discapacidad auditiva que merecen ser entendidos y entender todo lo que sucede a su alrededor\u201d, coment\u00f3.<br \/>\nLa congresista felicit\u00f3 a los participantes del curso, as\u00ed como al capacitador por su disposici\u00f3n y sensibilidad. Asimismo, invit\u00f3 a poner al servicio de los dem\u00e1s lo aprendido y compartir sus conocimientos.<br \/>\nFinalmente, Rionda Salas destac\u00f3 que el Congreso del Estado, en su compromiso de impulsar la inclusi\u00f3n social, ha implementado el uso de un traductor de lengua de se\u00f1as en las sesiones de Pleno; el Centro GLAM tiene una se\u00f1al\u00e9tica en Braille y una secci\u00f3n con gu\u00eda t\u00e1ctil en las zonas de la Biblioteca, Museo y Archivo Hist\u00f3rico. Adem\u00e1s, el recinto tiene rampas de emergencia, plataforma elevadora para una mejor accesibilidad, entre otras acciones.<br \/>\nComo parte de la clausura, se realiz\u00f3 la entrega de constancias a los participantes, as\u00ed como al instructor del curso, Juan Pablo S\u00e1nchez Padilla.<br \/>\nMassiel Estefan\u00eda Ordu\u00f1a Morales, participante del curso-taller, coment\u00f3 sobre la importancia de estar capacitados en el tema, debido a que les servir\u00e1 no \u00fanicamente en el \u00e1rea laboral, sino que tambi\u00e9n para apoyar a cualquier persona que lo requiera en la vida diaria.<br \/>\nPor su parte, Jos\u00e9 Guadalupe Neri Hern\u00e1ndez, quien tambi\u00e9n particip\u00f3 en el curso-taller, refiri\u00f3 que dentro del Congreso ya se cuenta con programas de inclusi\u00f3n, sin embargo, dijo, que este tipo de talleres abonan al crecimiento y conocimiento tanto personal y como en conjunto, con la finalidad de integrar a las personas a la sociedad.<br \/>\nDe la misma manera, Juan Pablo S\u00e1nchez Padilla, instructor del curso-taller, puntualiz\u00f3 que fue un curso introductorio a la Lengua de Se\u00f1as Mexicana, en el que los participantes tuvieron la oportunidad de identificar las barreras de la discapacidad, conocer en qu\u00e9 consiste la discapacidad con el objetivo de ser m\u00e1s emp\u00e1ticos, tolerantes y adquirir herramientas b\u00e1sicas de comunicaci\u00f3n para apoyar a las personas que lleguen a solicitar alg\u00fan servicio.<\/p>\n","protected":false},"excerpt":{"rendered":"<p>Guanajuato, Gto 289 julio 2022. \u2013 Este d\u00eda, en el Centro GLAM del Congreso del Estado, se llev\u00f3 a cabo la clausura del curso-taller \u201cB\u00e1sico introductorio a la Lengua de Se\u00f1as Mexicana\u201d cuyo objetivo principal es el de promover la inclusi\u00f3n y la igualdad. El curso -taller se imparti\u00f3 a [&hellip;]<\/p>\n","protected":false},"author":1,"featured_media":7608,"comment_status":"open","ping_status":"open","sticky":false,"template":"","format":"standard","meta":[],"categories":[6],"tags":[],"_links":{"self":[{"href":"https:\/\/inforedguanajuato.com\/index.php?rest_route=\/wp\/v2\/posts\/7607"}],"collection":[{"href":"https:\/\/inforedguanajuato.com\/index.php?rest_route=\/wp\/v2\/posts"}],"about":[{"href":"https:\/\/inforedguanajuato.com\/index.php?rest_route=\/wp\/v2\/types\/post"}],"author":[{"embeddable":true,"href":"https:\/\/inforedguanajuato.com\/index.php?rest_route=\/wp\/v2\/users\/1"}],"replies":[{"embeddable":true,"href":"https:\/\/inforedguanajuato.com\/index.php?rest_route=%2Fwp%2Fv2%2Fcomments&post=7607"}],"version-history":[{"count":1,"href":"https:\/\/inforedguanajuato.com\/index.php?rest_route=\/wp\/v2\/posts\/7607\/revisions"}],"predecessor-version":[{"id":7609,"href":"https:\/\/inforedguanajuato.com\/index.php?rest_route=\/wp\/v2\/posts\/7607\/revisions\/7609"}],"wp:featuredmedia":[{"embeddable":true,"href":"https:\/\/inforedguanajuato.com\/index.php?rest_route=\/wp\/v2\/media\/7608"}],"wp:attachment":[{"href":"https:\/\/inforedguanajuato.com\/index.php?rest_route=%2Fwp%2Fv2%2Fmedia&parent=7607"}],"wp:term":[{"taxonomy":"category","embeddable":true,"href":"https:\/\/inforedguanajuato.com\/index.php?rest_route=%2Fwp%2Fv2%2Fcategories&post=7607"},{"taxonomy":"post_tag","embeddable":true,"href":"https:\/\/inforedguanajuato.com\/index.php?rest_route=%2Fwp%2Fv2%2Ftags&post=7607"}],"curies":[{"name":"wp","href":"https:\/\/api.w.org\/{rel}","templated":true}]}}