{"id":7645,"date":"2022-08-05T21:16:57","date_gmt":"2022-08-06T02:16:57","guid":{"rendered":"https:\/\/inforedguanajuato.com\/?p=7645"},"modified":"2022-08-05T21:16:57","modified_gmt":"2022-08-06T02:16:57","slug":"la-seg-separa-de-sus-cargos-a-dos-personas-en-la-resolucion-en-caso-de-violencia-escolar-en-preescolar","status":"publish","type":"post","link":"https:\/\/inforedguanajuato.com\/?p=7645","title":{"rendered":"LA SEG SEPARA DE SUS CARGOS A DOS PERSONAS EN LA RESOLUCI\u00d3N EN CASO DE VIOLENCIA ESCOLAR EN PREESCOLAR."},"content":{"rendered":"<p>Guanajuato, Gto. 05 de agosto de 2022.- La Secretar\u00eda de Educaci\u00f3n de Guanajuato separ\u00f3 definitivamente de sus cargos a la coordinadora de Preescolar Alternativo y a la Educadora Orientadora del Jard\u00edn de Ni\u00f1os \u201cJos\u00e9 Joaqu\u00edn Fern\u00e1ndez de Lizardi\u201d, ubicado en el municipio de Silao de la Victoria, Guanajuato, luego de comprobarse su responsabilidad laboral por omisi\u00f3n en la supervisi\u00f3n, atenci\u00f3n oportuna y prioritaria, en el caso de violencia escolar cometida a estudiantes del plantel.<\/p>\n<p>Independientemente de la conclusi\u00f3n de estos procedimientos disciplinarios por parte de la Secretar\u00eda, se continuar\u00e1 con el seguimiento y atenci\u00f3n a los menores receptores de violencia y se seguir\u00e1 colaborado con la Fiscal\u00eda General del Estado de Guanajuato en los requerimientos que la instancia investigadora tenga.<\/p>\n<p>El C. Erick E. quien se desempe\u00f1aba como becario y a quien se le acusa de haber cometido violencia de car\u00e1cter sexual, en agravio de ni\u00f1as y ni\u00f1os del Preescolar mencionado, no mantiene relaci\u00f3n alguna con esta Secretar\u00eda a partir del 24 de junio del presente a\u00f1o.<\/p>\n<p>En la Secretar\u00eda de Educaci\u00f3n de Guanajuato no se toleran las malas actuaciones del personal educativo, raz\u00f3n por la cual investiga, atiende y resuelve conforme a protocolos y derechos, por lo que reiteramos la pol\u00edtica de cero tolerancia a la violencia escolar en cualquiera de sus formas.<\/p>\n","protected":false},"excerpt":{"rendered":"<p>Guanajuato, Gto. 05 de agosto de 2022.- La Secretar\u00eda de Educaci\u00f3n de Guanajuato separ\u00f3 definitivamente de sus cargos a la coordinadora de Preescolar Alternativo y a la Educadora Orientadora del Jard\u00edn de Ni\u00f1os \u201cJos\u00e9 Joaqu\u00edn Fern\u00e1ndez de Lizardi\u201d, ubicado en el municipio de Silao de la Victoria, Guanajuato, luego de [&hellip;]<\/p>\n","protected":false},"author":1,"featured_media":7646,"comment_status":"open","ping_status":"open","sticky":false,"template":"","format":"standard","meta":[],"categories":[1],"tags":[],"_links":{"self":[{"href":"https:\/\/inforedguanajuato.com\/index.php?rest_route=\/wp\/v2\/posts\/7645"}],"collection":[{"href":"https:\/\/inforedguanajuato.com\/index.php?rest_route=\/wp\/v2\/posts"}],"about":[{"href":"https:\/\/inforedguanajuato.com\/index.php?rest_route=\/wp\/v2\/types\/post"}],"author":[{"embeddable":true,"href":"https:\/\/inforedguanajuato.com\/index.php?rest_route=\/wp\/v2\/users\/1"}],"replies":[{"embeddable":true,"href":"https:\/\/inforedguanajuato.com\/index.php?rest_route=%2Fwp%2Fv2%2Fcomments&post=7645"}],"version-history":[{"count":1,"href":"https:\/\/inforedguanajuato.com\/index.php?rest_route=\/wp\/v2\/posts\/7645\/revisions"}],"predecessor-version":[{"id":7647,"href":"https:\/\/inforedguanajuato.com\/index.php?rest_route=\/wp\/v2\/posts\/7645\/revisions\/7647"}],"wp:featuredmedia":[{"embeddable":true,"href":"https:\/\/inforedguanajuato.com\/index.php?rest_route=\/wp\/v2\/media\/7646"}],"wp:attachment":[{"href":"https:\/\/inforedguanajuato.com\/index.php?rest_route=%2Fwp%2Fv2%2Fmedia&parent=7645"}],"wp:term":[{"taxonomy":"category","embeddable":true,"href":"https:\/\/inforedguanajuato.com\/index.php?rest_route=%2Fwp%2Fv2%2Fcategories&post=7645"},{"taxonomy":"post_tag","embeddable":true,"href":"https:\/\/inforedguanajuato.com\/index.php?rest_route=%2Fwp%2Fv2%2Ftags&post=7645"}],"curies":[{"name":"wp","href":"https:\/\/api.w.org\/{rel}","templated":true}]}}