{"id":784,"date":"2019-10-03T22:04:39","date_gmt":"2019-10-04T03:04:39","guid":{"rendered":"http:\/\/inforedguanajuato.com\/?p=784"},"modified":"2019-10-03T22:04:39","modified_gmt":"2019-10-04T03:04:39","slug":"se-reunen-titulares-del-sector-laboral-de-los-estados-integrantes-para-la-instalacion-de-mesas-de-dialogo-para-compartir-criterios-y-avances-sobre-temas-laborales-en-comun","status":"publish","type":"post","link":"https:\/\/inforedguanajuato.com\/?p=784","title":{"rendered":"SE RE\u00daNEN TITULARES DEL SECTOR LABORAL DE LOS ESTADOS INTEGRANTES, PARA LA INSTALACI\u00d3N DE MESAS DE DI\u00c1LOGO PARA COMPARTIR CRITERIOS Y AVANCES SOBRE TEMAS LABORALES EN COM\u00daN."},"content":{"rendered":"<p><!--more--><\/p>\n<p>Guanajuato, Gto. 03 de octubre 2019.- Guanajuato impulsa la Alianza Centro-Baj\u00edo Occidente para que siga siendo el motor econ\u00f3mico del pa\u00eds; por ello, fue sede de la reuni\u00f3n de titulares del Sector Laboral de los estados integrantes.<\/p>\n<p>El objetivo fue intercambiar criterios y avances sobre la implementaci\u00f3n del Nuevo Sistema de Justicia Laboral en \u00e9sta regi\u00f3n en donde participan Aguascalientes, Guanajuato, Jalisco, Quer\u00e9taro y San Luis Potos\u00ed.<\/p>\n<p>Se revisaron temas como la armonizaci\u00f3n legislativa que exige el Nuevo Sistema de Justicia Laboral; as\u00ed como presupuestos y costos que implicar\u00e1 la implementaci\u00f3n de las nuevas estructuras en cada una de las entidades federativas antes mencionadas.<\/p>\n<p>Es importante mencionar que Guanajuato comparti\u00f3 una herramienta inform\u00e1tica de simuladores, que ayuda a generar y definir requerimientos humanos, estructurales y financieros para la operaci\u00f3n de las nuevas figuras jur\u00eddicas con las que se contar\u00e1 a partir del inicio de cada una de las etapas que exige el Nuevo Sistema de Justicia Laboral.<\/p>\n<p>Se acord\u00f3 tambi\u00e9n, generar mesas de di\u00e1logo para los temas laborales en com\u00fan y en beneficio de los sectores en cada uno de los estados.<\/p>\n<p>A la reuni\u00f3n asistieron el Lic. Oziel Alejandro Guerrero de Anda, Subsecretario de Asuntos Jur\u00eddicos de la Secretar\u00eda General de Gobierno del Estado de Aguascalientes; Lic. Marco Valerio P\u00e9rez Gollaz, Secretario del Trabajo y Previsi\u00f3n Social del Estado de Jalisco; Lic. Mario Fernando Ram\u00edrez Retolaza, Secretario del Trabajo y Previsi\u00f3n Social del Estado de Quer\u00e9taro; Lic. Manuel Lozano Nieto, Secretario del Trabajo y Previsi\u00f3n Social del Estado de San Luis Potos\u00ed; y el Ing. Marco Antonio Rodr\u00edguez V\u00e1zquez, Subsecretario del Trabajo y Previsi\u00f3n Social del Estado de Guanajuato.<\/p>\n","protected":false},"excerpt":{"rendered":"","protected":false},"author":1,"featured_media":785,"comment_status":"open","ping_status":"open","sticky":false,"template":"","format":"standard","meta":[],"categories":[1],"tags":[],"_links":{"self":[{"href":"https:\/\/inforedguanajuato.com\/index.php?rest_route=\/wp\/v2\/posts\/784"}],"collection":[{"href":"https:\/\/inforedguanajuato.com\/index.php?rest_route=\/wp\/v2\/posts"}],"about":[{"href":"https:\/\/inforedguanajuato.com\/index.php?rest_route=\/wp\/v2\/types\/post"}],"author":[{"embeddable":true,"href":"https:\/\/inforedguanajuato.com\/index.php?rest_route=\/wp\/v2\/users\/1"}],"replies":[{"embeddable":true,"href":"https:\/\/inforedguanajuato.com\/index.php?rest_route=%2Fwp%2Fv2%2Fcomments&post=784"}],"version-history":[{"count":2,"href":"https:\/\/inforedguanajuato.com\/index.php?rest_route=\/wp\/v2\/posts\/784\/revisions"}],"predecessor-version":[{"id":787,"href":"https:\/\/inforedguanajuato.com\/index.php?rest_route=\/wp\/v2\/posts\/784\/revisions\/787"}],"wp:featuredmedia":[{"embeddable":true,"href":"https:\/\/inforedguanajuato.com\/index.php?rest_route=\/wp\/v2\/media\/785"}],"wp:attachment":[{"href":"https:\/\/inforedguanajuato.com\/index.php?rest_route=%2Fwp%2Fv2%2Fmedia&parent=784"}],"wp:term":[{"taxonomy":"category","embeddable":true,"href":"https:\/\/inforedguanajuato.com\/index.php?rest_route=%2Fwp%2Fv2%2Fcategories&post=784"},{"taxonomy":"post_tag","embeddable":true,"href":"https:\/\/inforedguanajuato.com\/index.php?rest_route=%2Fwp%2Fv2%2Ftags&post=784"}],"curies":[{"name":"wp","href":"https:\/\/api.w.org\/{rel}","templated":true}]}}