{"id":7947,"date":"2022-09-21T19:22:19","date_gmt":"2022-09-22T00:22:19","guid":{"rendered":"https:\/\/inforedguanajuato.com\/?p=7947"},"modified":"2022-09-21T19:22:20","modified_gmt":"2022-09-22T00:22:20","slug":"firman-convenio-de-colaboracion-con-fundacion-ica-y-congreso-del-estado-de-guanajuato","status":"publish","type":"post","link":"https:\/\/inforedguanajuato.com\/?p=7947","title":{"rendered":"FIRMAN CONVENIO DE COLABORACI\u00d3N CON FUNDACI\u00d3N ICA Y CONGRESO DEL ESTADO DE GUANAJUATO"},"content":{"rendered":"<p>Guanajuato, Gto 21 Septiembre 2022. \u2013 Esta ma\u00f1ana, se llev\u00f3 a cabo la firma del convenio entre el Congreso del Estado de Guanajuato y la Fundaci\u00f3n ICA, quienes presentaron una exposici\u00f3n fotogr\u00e1fica titulada \u201cGuanajuato desde el aire. Historia y desarrollo. Fotograf\u00eda a\u00e9rea de nuestras ciudades 1934-1963\u201d, dentro del vest\u00edbulo principal de la casa legislativa.<\/p>\n<p>En su mensaje de bienvenida, la diputada Mar\u00eda de la Luz Hern\u00e1ndez Mart\u00ednez, presidenta de la Comisi\u00f3n de Educaci\u00f3n, Ciencia y Tecnolog\u00eda y Cultura, se\u00f1al\u00f3 que el trabajo de colaboraci\u00f3n con instituciones que se dedican a preservar la historia de la entidad es parte fundamental para seguir enriqueciendo las diferentes maneras de generar conocimiento, debido a que los trabajos de la Fundaci\u00f3n ICA son de gran utilidad para las investigadoras e investigadores de la regi\u00f3n.<\/p>\n<p>\u201cNuestro agradecimiento a la Fundaci\u00f3n ICA por este lazo que forma con el Congreso y por compartirnos parte del rico acervo que han construido a lo largo de estas d\u00e9cadas. A trav\u00e9s de estas im\u00e1genes podemos ver c\u00f3mo eran algunas zonas urbanas en la d\u00e9cada de los 30 hasta los 60, y c\u00f3mo fue cambiando la relaci\u00f3n de cada ciudad con la naturaleza\u201d, dijo.<\/p>\n<p>Por su parte, el director general de la Fundaci\u00f3n ICA, Juan Jos\u00e9 Kochen G\u00f3mez, expres\u00f3 que la exposici\u00f3n es un testimonio vivo del crecimiento que se ha tenido a lo largo de la historia de Guanajuato, indicando que en el acervo hist\u00f3rico de la fundaci\u00f3n que representa ostenta fotograf\u00edas que abarcan m\u00e1s del 90% del territorio nacional.<\/p>\n<p>\u201cAgradezco la apertura por parte del Congreso de Guanajuato por hacer realidad la difusi\u00f3n de los trabajos de la Fundaci\u00f3n ICA que nos ayudan a entender mejor nuestro espacio y nuestro tiempo, y poder identificar si una transformaci\u00f3n es positiva o negativa. Es muy simb\u00f3lico que podamos formar alianzas con una entidad donde se crea tambi\u00e9n historia por las decisiones de suma importancia que se toman\u201d, precis\u00f3.<\/p>\n<p>En su intervenci\u00f3n, la presidenta del Congreso del Estado de Guanajuato, Lilia Margarita Rionda Salas, coment\u00f3 que la firma del convenio permitir\u00e1 establecer las bases generales para conjuntar esfuerzos, a trav\u00e9s de la ejecuci\u00f3n y promoci\u00f3n de proyectos y actividades, as\u00ed como brindar servicios culturales y bienes art\u00edsticos en beneficio de la sociedad.<\/p>\n<p>\u201cExplorar parte de su acervo nos lleva, por una parte, a preguntarnos sobre qu\u00e9 lugares podemos reconocer en esas tomas desde el aire. A lo mejor estas fotos no relumbran, porque est\u00e1n en blanco y negro, pero son minas de oro porque de aqu\u00ed podemos sacar muchas cosas valiosas. Por lo pronto, disfruten estas fotograf\u00edas, que no solamente son una imagen, sino un compromiso, una posibilidad y una oportunidad\u201d, finaliz\u00f3.<\/p>\n<p>Asimismo, se realiz\u00f3 un conversatorio con el director de la Fundaci\u00f3n ICA quien revel\u00f3 la mec\u00e1nica y los procesos que se llevaron a cabo para poder tomar y revelar las fotograf\u00edas en las d\u00e9cadas de 1930 a 1960, donde no se contaba con las facilidades tecnol\u00f3gicas, tomando en cuenta las dificultades para conseguir los aditamentos para la impresi\u00f3n de los rollos fotogr\u00e1ficos y que en ese entonces a\u00fan era una novedad los vuelos comerciales en M\u00e9xico.<\/p>\n<p>Tambi\u00e9n se coment\u00f3 que m\u00e1s all\u00e1 de documentar las zonas geogr\u00e1ficas de la naci\u00f3n, se pudo conocer el entorno que fue de gran impacto para llevar a cabo proyectos de ingenier\u00eda civil y arquitectura por abonar en la log\u00edstica y planeaci\u00f3n de infraestructura que contribuy\u00f3 a la expansi\u00f3n de territorios urbanos, adem\u00e1s de ser un insumo documental para investigaciones en trabajos de geograf\u00eda y estad\u00edstica.<\/p>\n","protected":false},"excerpt":{"rendered":"<p>Guanajuato, Gto 21 Septiembre 2022. \u2013 Esta ma\u00f1ana, se llev\u00f3 a cabo la firma del convenio entre el Congreso del Estado de Guanajuato y la Fundaci\u00f3n ICA, quienes presentaron una exposici\u00f3n fotogr\u00e1fica titulada \u201cGuanajuato desde el aire. Historia y desarrollo. Fotograf\u00eda a\u00e9rea de nuestras ciudades 1934-1963\u201d, dentro del vest\u00edbulo principal [&hellip;]<\/p>\n","protected":false},"author":1,"featured_media":7948,"comment_status":"open","ping_status":"open","sticky":false,"template":"","format":"standard","meta":[],"categories":[1],"tags":[],"_links":{"self":[{"href":"https:\/\/inforedguanajuato.com\/index.php?rest_route=\/wp\/v2\/posts\/7947"}],"collection":[{"href":"https:\/\/inforedguanajuato.com\/index.php?rest_route=\/wp\/v2\/posts"}],"about":[{"href":"https:\/\/inforedguanajuato.com\/index.php?rest_route=\/wp\/v2\/types\/post"}],"author":[{"embeddable":true,"href":"https:\/\/inforedguanajuato.com\/index.php?rest_route=\/wp\/v2\/users\/1"}],"replies":[{"embeddable":true,"href":"https:\/\/inforedguanajuato.com\/index.php?rest_route=%2Fwp%2Fv2%2Fcomments&post=7947"}],"version-history":[{"count":1,"href":"https:\/\/inforedguanajuato.com\/index.php?rest_route=\/wp\/v2\/posts\/7947\/revisions"}],"predecessor-version":[{"id":7949,"href":"https:\/\/inforedguanajuato.com\/index.php?rest_route=\/wp\/v2\/posts\/7947\/revisions\/7949"}],"wp:featuredmedia":[{"embeddable":true,"href":"https:\/\/inforedguanajuato.com\/index.php?rest_route=\/wp\/v2\/media\/7948"}],"wp:attachment":[{"href":"https:\/\/inforedguanajuato.com\/index.php?rest_route=%2Fwp%2Fv2%2Fmedia&parent=7947"}],"wp:term":[{"taxonomy":"category","embeddable":true,"href":"https:\/\/inforedguanajuato.com\/index.php?rest_route=%2Fwp%2Fv2%2Fcategories&post=7947"},{"taxonomy":"post_tag","embeddable":true,"href":"https:\/\/inforedguanajuato.com\/index.php?rest_route=%2Fwp%2Fv2%2Ftags&post=7947"}],"curies":[{"name":"wp","href":"https:\/\/api.w.org\/{rel}","templated":true}]}}