{"id":8027,"date":"2022-10-06T16:24:37","date_gmt":"2022-10-06T21:24:37","guid":{"rendered":"https:\/\/inforedguanajuato.com\/?p=8027"},"modified":"2022-10-06T16:24:37","modified_gmt":"2022-10-06T21:24:37","slug":"garantizar-derechos-a-personas-discapacitadas-propone-diputado-alejandro-arias","status":"publish","type":"post","link":"https:\/\/inforedguanajuato.com\/?p=8027","title":{"rendered":"GARANTIZAR DERECHOS A PERSONAS DISCAPACITADAS, PROPONE DIPUTADO ALEJANDRO ARIAS"},"content":{"rendered":"<p>GUANAJUATO Gto 6 Octubre 2022.- Dirigida a m\u00e1s de 280 mil guanajuatenses que viven con alg\u00fan tipo de discapacidad, el diputado Alejandro Arias present\u00f3 una iniciativa para que los ayuntamientos cuenten con una comisi\u00f3n y una dependencia municipal de atenci\u00f3n a las personas con discapacidad.<br \/>\nContempla la creaci\u00f3n de una comisi\u00f3n edilicia que impulse acciones concretas a favor de dicho sector de la poblaci\u00f3n, y una dependencia especializada que coordine los esfuerzos municipales para garantizar de manera cabal los derechos constitucionales de las personas con discapacidad.<br \/>\nEl prop\u00f3sito, avanzar m\u00e1s en el tr\u00e1nsito de un modelo m\u00e9dico-asistencial a uno garantista de derechos de las personas con discapacidad, porque a pesar de que la Ley de Inclusi\u00f3n para las Personas con Discapacidad, vigente desde 2012, marc\u00f3 un hito sobre una atenci\u00f3n con esa finalidad, falta mucho por hacer.<br \/>\n\u201cLa realidad social es muy distinta al ordenamiento jur\u00eddico\u201d, dijo el coordinador del Grupo Parlamentario del PRI, quien subray\u00f3 que aunque Celaya y Salamanca han creado instituciones especializadas para atender a las personas con discapacidad, ese modelo no se ha replicado en otros municipios, los cuales se apoyan en \u00e1reas del DIF con servicios enfocados a salud y capacitaci\u00f3n.<br \/>\nEn su exposici\u00f3n de motivos de su iniciativa para reformar la Ley Org\u00e1nica Municipal para el Estado, resalt\u00f3 que las personas con discapacidad constituyen un grupo social que enfrenta diversas barreras, adem\u00e1s de que su condici\u00f3n hace m\u00e1s profunda la brecha educativa, laboral, de acceso a la salud y acent\u00faa los prejuicios y estereotipos.<br \/>\nAgreg\u00f3 enseguida que, aunque se ha visibilizado el tema y se ha sensibilizado a la poblaci\u00f3n, para las personas con discapacidad a\u00fan es limitado el acceso en calles, instalaciones p\u00fablicas y transporte, am\u00e9n de que no hay programas espec\u00edficos de oferta de empleos y no se ha logrado amortiguar los costos en cuidados, terapias y tratamientos.<br \/>\nArias \u00c1vila resalt\u00f3 que, de acuerdo con el Instituto Guanajuatense para las Personas con Discapacidad (Ingudis), m\u00e1s de 280 mil personas viven con alg\u00fan tipo de discapacidad en nuestro estado, dato que el legislador puso en perspectiva al comentar que esa cifra supera al n\u00famero de habitantes de Salamanca, Silao y Guanajuato capital, donde 273 mil, 203 mil y 193 mil personas.<\/p>\n","protected":false},"excerpt":{"rendered":"<p>GUANAJUATO Gto 6 Octubre 2022.- Dirigida a m\u00e1s de 280 mil guanajuatenses que viven con alg\u00fan tipo de discapacidad, el diputado Alejandro Arias present\u00f3 una iniciativa para que los ayuntamientos cuenten con una comisi\u00f3n y una dependencia municipal de atenci\u00f3n a las personas con discapacidad. Contempla la creaci\u00f3n de una [&hellip;]<\/p>\n","protected":false},"author":1,"featured_media":8028,"comment_status":"open","ping_status":"open","sticky":false,"template":"","format":"standard","meta":[],"categories":[6],"tags":[],"_links":{"self":[{"href":"https:\/\/inforedguanajuato.com\/index.php?rest_route=\/wp\/v2\/posts\/8027"}],"collection":[{"href":"https:\/\/inforedguanajuato.com\/index.php?rest_route=\/wp\/v2\/posts"}],"about":[{"href":"https:\/\/inforedguanajuato.com\/index.php?rest_route=\/wp\/v2\/types\/post"}],"author":[{"embeddable":true,"href":"https:\/\/inforedguanajuato.com\/index.php?rest_route=\/wp\/v2\/users\/1"}],"replies":[{"embeddable":true,"href":"https:\/\/inforedguanajuato.com\/index.php?rest_route=%2Fwp%2Fv2%2Fcomments&post=8027"}],"version-history":[{"count":1,"href":"https:\/\/inforedguanajuato.com\/index.php?rest_route=\/wp\/v2\/posts\/8027\/revisions"}],"predecessor-version":[{"id":8029,"href":"https:\/\/inforedguanajuato.com\/index.php?rest_route=\/wp\/v2\/posts\/8027\/revisions\/8029"}],"wp:featuredmedia":[{"embeddable":true,"href":"https:\/\/inforedguanajuato.com\/index.php?rest_route=\/wp\/v2\/media\/8028"}],"wp:attachment":[{"href":"https:\/\/inforedguanajuato.com\/index.php?rest_route=%2Fwp%2Fv2%2Fmedia&parent=8027"}],"wp:term":[{"taxonomy":"category","embeddable":true,"href":"https:\/\/inforedguanajuato.com\/index.php?rest_route=%2Fwp%2Fv2%2Fcategories&post=8027"},{"taxonomy":"post_tag","embeddable":true,"href":"https:\/\/inforedguanajuato.com\/index.php?rest_route=%2Fwp%2Fv2%2Ftags&post=8027"}],"curies":[{"name":"wp","href":"https:\/\/api.w.org\/{rel}","templated":true}]}}