{"id":8086,"date":"2022-10-15T22:29:34","date_gmt":"2022-10-16T03:29:34","guid":{"rendered":"https:\/\/inforedguanajuato.com\/?p=8086"},"modified":"2022-10-15T22:29:35","modified_gmt":"2022-10-16T03:29:35","slug":"autoridades-federales-localizan-a-alcalde-y-su-equipo-de-colaboradores-que-permanecian-secuestrados","status":"publish","type":"post","link":"https:\/\/inforedguanajuato.com\/?p=8086","title":{"rendered":"AUTORIDADES FEDERALES LOCALIZAN A ALCALDE Y SU EQUIPO DE COLABORADORES QUE PERMANEC\u00cdAN SECUESTRADOS."},"content":{"rendered":"<p>CD M\u00e9xico 15 octubre 2022.- El trabajo de coordinaci\u00f3n entre la Federaci\u00f3n y los estados de Tamaulipas y Coahuila permiti\u00f3 la localizaci\u00f3n con bien del alcalde de Guerrero, Coahuila, Mario Cedillo y las personas que lo acompa\u00f1aban, inform\u00f3 el subsecretario de Seguridad P\u00fablica, Ricardo Mej\u00eda Berdeja.<br \/>\nAgreg\u00f3 que las investigaciones continuar\u00e1n hasta el esclarecimiento de los hechos.<br \/>\nResalt\u00f3 que por instrucciones de la titular de la Secretar\u00eda de Seguridad y Protecci\u00f3n Ciudadana (SSPC), Rosa Icela Rodr\u00edguez, la Coordinaci\u00f3n Nacional Antisecuestro (CONASE) integr\u00f3 un grupo de trabajo para apoyar con labores de inteligencia, b\u00fasqueda y localizaci\u00f3n.<br \/>\nEl subsecretario detall\u00f3 que las fuerzas federales, en coordinaci\u00f3n con las autoridades locales desplegaron acciones conjuntas para localizar al presidente municipal, reportado como desaparecido el viernes a las 23:00 horas, junto con otras personas, en las inmediaciones de Nuevo Laredo, Tamaulipas.<br \/>\n\u201cEstuvimos en comunicaci\u00f3n y coordinaci\u00f3n con el fiscal general de Coahuila, Gerardo M\u00e1rquez; el fiscal general del estado de Tamaulipas, Irvin Barrios; la Secretar\u00eda de la Defensa Nacional (SEDENA) y la Coordinaci\u00f3n Nacional Antisecuestro (CONASE), dependiente de la Secretar\u00eda de Seguridad P\u00fablica y Protecci\u00f3n Ciudadana (SSPC) para ubicar al alcalde y los dem\u00e1s desaparecidos\u201d, indic\u00f3.<br \/>\nRecord\u00f3 que en esa zona se han tenido acciones exitosas contra el crimen organizado.<\/p>\n","protected":false},"excerpt":{"rendered":"<p>CD M\u00e9xico 15 octubre 2022.- El trabajo de coordinaci\u00f3n entre la Federaci\u00f3n y los estados de Tamaulipas y Coahuila permiti\u00f3 la localizaci\u00f3n con bien del alcalde de Guerrero, Coahuila, Mario Cedillo y las personas que lo acompa\u00f1aban, inform\u00f3 el subsecretario de Seguridad P\u00fablica, Ricardo Mej\u00eda Berdeja. Agreg\u00f3 que las investigaciones [&hellip;]<\/p>\n","protected":false},"author":1,"featured_media":8087,"comment_status":"open","ping_status":"open","sticky":false,"template":"","format":"standard","meta":[],"categories":[7],"tags":[],"_links":{"self":[{"href":"https:\/\/inforedguanajuato.com\/index.php?rest_route=\/wp\/v2\/posts\/8086"}],"collection":[{"href":"https:\/\/inforedguanajuato.com\/index.php?rest_route=\/wp\/v2\/posts"}],"about":[{"href":"https:\/\/inforedguanajuato.com\/index.php?rest_route=\/wp\/v2\/types\/post"}],"author":[{"embeddable":true,"href":"https:\/\/inforedguanajuato.com\/index.php?rest_route=\/wp\/v2\/users\/1"}],"replies":[{"embeddable":true,"href":"https:\/\/inforedguanajuato.com\/index.php?rest_route=%2Fwp%2Fv2%2Fcomments&post=8086"}],"version-history":[{"count":1,"href":"https:\/\/inforedguanajuato.com\/index.php?rest_route=\/wp\/v2\/posts\/8086\/revisions"}],"predecessor-version":[{"id":8088,"href":"https:\/\/inforedguanajuato.com\/index.php?rest_route=\/wp\/v2\/posts\/8086\/revisions\/8088"}],"wp:featuredmedia":[{"embeddable":true,"href":"https:\/\/inforedguanajuato.com\/index.php?rest_route=\/wp\/v2\/media\/8087"}],"wp:attachment":[{"href":"https:\/\/inforedguanajuato.com\/index.php?rest_route=%2Fwp%2Fv2%2Fmedia&parent=8086"}],"wp:term":[{"taxonomy":"category","embeddable":true,"href":"https:\/\/inforedguanajuato.com\/index.php?rest_route=%2Fwp%2Fv2%2Fcategories&post=8086"},{"taxonomy":"post_tag","embeddable":true,"href":"https:\/\/inforedguanajuato.com\/index.php?rest_route=%2Fwp%2Fv2%2Ftags&post=8086"}],"curies":[{"name":"wp","href":"https:\/\/api.w.org\/{rel}","templated":true}]}}