{"id":8417,"date":"2022-12-08T22:45:35","date_gmt":"2022-12-09T03:45:35","guid":{"rendered":"https:\/\/inforedguanajuato.com\/?p=8417"},"modified":"2022-12-08T22:45:36","modified_gmt":"2022-12-09T03:45:36","slug":"alejandro-arias-diputado-del-pri-en-guanajuato-propone-reformas-a-la-ley-para-la-busqueda-de-personas-desaparecidas","status":"publish","type":"post","link":"https:\/\/inforedguanajuato.com\/?p=8417","title":{"rendered":"ALEJANDRO ARIAS DIPUTADO DEL PRI EN GUANAJUATO PROPONE REFORMAS A LA LEY PARA LA B\u00daSQUEDA DE PERSONAS DESAPARECIDAS."},"content":{"rendered":"<p>Guanajuato, Gto 8 diciembre 2022. \u2013 Con la finalidad de adecuar la Ley para la B\u00fasqueda de Personas Desaparecidas en el Estado de Guanajuato a las necesidades actuales de los \u00f3rganos operadores en la investigaci\u00f3n y proceso de b\u00fasqueda, a los familiares de desaparecidos y al reconocimiento de los colectivos de b\u00fasqueda, el grupo parlamentario del Partido Revolucionario Institucional present\u00f3 una iniciativa de reforma para su actualizaci\u00f3n.<\/p>\n<p>Al dar lectura a la exposici\u00f3n de motivos del documento, el congresista Alejandro Arias \u00c1vila se refiri\u00f3 a la emisi\u00f3n de la citada norma y al objeto de la misma, sin embargo, mencion\u00f3 que a pesar de la reciente creaci\u00f3n de la ley local en esa materia, la ciudadan\u00eda, en general, sigue padeciendo en forma alarmante la p\u00e9rdida de familiares, pertenezcan o no a grupos delincuenciales, ya no s\u00f3lo varones, sino mujeres, ni\u00f1as, ni\u00f1os y adolescentes, que desaparecen y no se vuelve a tener noticia de su paradero por meses, a\u00f1os o nunca m\u00e1s.<\/p>\n<p>\u201cLos familiares de las personas desaparecidas contin\u00faan viviendo la frustraci\u00f3n al no tener noticia del paradero, con vida o cuando menos tener la certeza de que est\u00e1n fallecidos sus familiares y darles digna sepultura, a veces, de dos o m\u00e1s miembros de una misma familia\u201d, enfatiz\u00f3.<\/p>\n<p>Apunt\u00f3 que entre los reclamos se encuentran mayores facultades a las autoridades encargadas del tema para poder actuar bajo ciertos supuestos; mayor eficiencia y eficacia en las investigaciones para que se indague de oficio; mayor rapidez y especialidad, m\u00e1s coordinaci\u00f3n entre autoridades, un trato digno y hacer viable el principio del derecho a la verdad y no ser revictimizado, ni la persona desaparecida, ni sus familiares.<\/p>\n<p>\u201cEl Estado debe actuar en todos los \u00e1mbitos de su competencia para combatir este grave delito y mejorar la intervenci\u00f3n de las autoridades que inciden en la investigaci\u00f3n, la supervisi\u00f3n, direcci\u00f3n y control de las actividades de b\u00fasqueda y localizaci\u00f3n de personas desaparecidas\u201d, argument\u00f3 Arias \u00c1vila.<\/p>\n<p>El diputado mencion\u00f3 los problemas m\u00e1s recurrentes a los que se enfrentan los familiares de las personas desaparecidas, entre ellos: la insuficiencia presupuestal de los \u00f3rganos de b\u00fasqueda, la lentitud para iniciar la investigaci\u00f3n, la negativa a recibir informaci\u00f3n, la tardanza en identificaci\u00f3n de cad\u00e1veres o de restos, la frustraci\u00f3n de no poder hacer b\u00fasqueda en propiedades privadas donde se presume est\u00e1n enterrados en fosas individuales o colectivas sus familiares; la tardanza en realizar los cateos correspondientes, la deficiente aplicaci\u00f3n del protocolo de b\u00fasqueda; por se\u00f1alar algunos.<\/p>\n<p>En ese sentido, precis\u00f3 que para atender las deficiencias de la norma se realiz\u00f3 una revisi\u00f3n integral y puntualiz\u00f3 algunas de los cambios que se pretenden como reconocer y legitimar el derecho de familiares a estar informados sobre la investigaci\u00f3n de ese delito y su participaci\u00f3n en el proceso de b\u00fasqueda a los familiares en forma individual o a trav\u00e9s de los colectivos; incorporar como uno de los objetos de la ley, el garantizar la protecci\u00f3n de la v\u00edctima, los familiares, colectivos de b\u00fasqueda y toda persona involucrada en la b\u00fasqueda de personas; introducir la definici\u00f3n de Colectivos de B\u00fasqueda; establecer el principio de oficiosidad o conocido como ex oficio; que se haga b\u00fasqueda especializada y diferenciada; fijar como una conducta grave cometida por el servidor p\u00fablico en materia de desaparici\u00f3n forzada y en la b\u00fasqueda de personas desaparecidas, que por dolo o negligencia, generen riesgos a familiares o grupos de b\u00fasqueda, modificar los requisitos para designaci\u00f3n del titular de la Comisi\u00f3n de B\u00fasqueda, entre otros.<\/p>\n","protected":false},"excerpt":{"rendered":"<p>Guanajuato, Gto 8 diciembre 2022. \u2013 Con la finalidad de adecuar la Ley para la B\u00fasqueda de Personas Desaparecidas en el Estado de Guanajuato a las necesidades actuales de los \u00f3rganos operadores en la investigaci\u00f3n y proceso de b\u00fasqueda, a los familiares de desaparecidos y al reconocimiento de los colectivos [&hellip;]<\/p>\n","protected":false},"author":1,"featured_media":8418,"comment_status":"open","ping_status":"open","sticky":false,"template":"","format":"standard","meta":[],"categories":[6],"tags":[],"_links":{"self":[{"href":"https:\/\/inforedguanajuato.com\/index.php?rest_route=\/wp\/v2\/posts\/8417"}],"collection":[{"href":"https:\/\/inforedguanajuato.com\/index.php?rest_route=\/wp\/v2\/posts"}],"about":[{"href":"https:\/\/inforedguanajuato.com\/index.php?rest_route=\/wp\/v2\/types\/post"}],"author":[{"embeddable":true,"href":"https:\/\/inforedguanajuato.com\/index.php?rest_route=\/wp\/v2\/users\/1"}],"replies":[{"embeddable":true,"href":"https:\/\/inforedguanajuato.com\/index.php?rest_route=%2Fwp%2Fv2%2Fcomments&post=8417"}],"version-history":[{"count":1,"href":"https:\/\/inforedguanajuato.com\/index.php?rest_route=\/wp\/v2\/posts\/8417\/revisions"}],"predecessor-version":[{"id":8419,"href":"https:\/\/inforedguanajuato.com\/index.php?rest_route=\/wp\/v2\/posts\/8417\/revisions\/8419"}],"wp:featuredmedia":[{"embeddable":true,"href":"https:\/\/inforedguanajuato.com\/index.php?rest_route=\/wp\/v2\/media\/8418"}],"wp:attachment":[{"href":"https:\/\/inforedguanajuato.com\/index.php?rest_route=%2Fwp%2Fv2%2Fmedia&parent=8417"}],"wp:term":[{"taxonomy":"category","embeddable":true,"href":"https:\/\/inforedguanajuato.com\/index.php?rest_route=%2Fwp%2Fv2%2Fcategories&post=8417"},{"taxonomy":"post_tag","embeddable":true,"href":"https:\/\/inforedguanajuato.com\/index.php?rest_route=%2Fwp%2Fv2%2Ftags&post=8417"}],"curies":[{"name":"wp","href":"https:\/\/api.w.org\/{rel}","templated":true}]}}