{"id":8506,"date":"2023-01-11T22:32:27","date_gmt":"2023-01-12T03:32:27","guid":{"rendered":"https:\/\/inforedguanajuato.com\/?p=8506"},"modified":"2023-01-11T22:32:28","modified_gmt":"2023-01-12T03:32:28","slug":"presentan-solicitud-formal-para-que-claudia-sheinbaum-comparezca-ante-diputados-por-stc-metro","status":"publish","type":"post","link":"https:\/\/inforedguanajuato.com\/?p=8506","title":{"rendered":"PRESENTAN SOLICITUD FORMAL PARA QUE CLAUDIA SHEINBAUM COMPAREZCA ANTE DIPUTADOS POR STC-METRO"},"content":{"rendered":"<p>Ciudad de M\u00e9xico a 11 de enero de 2023.-Los coordinadores de los grupos parlamentarios de los partidos de la Revoluci\u00f3n Democr\u00e1tica, Acci\u00f3n Nacional y Revolucionario Institucional en la C\u00e1mara de Diputados; Luis E. Ch\u00e1zaro, Jorge Romero Herrera y Rub\u00e9n Moreira Valdez, respectivamente, presentaron formalmente ante la Junta de Coordinaci\u00f3n Pol\u00edtica que encabeza Ignacio Mier Velazco, la solicitud por la que se solicita que la Jefa de Gobierno de la Ciudad de M\u00e9xico, Claudia Sheinbaum Pardo, comparezca ante esta soberan\u00eda, y d\u00e9 cuenta de los acontecimientos suscitados a lo largo de su administraci\u00f3n, en el lamentable manejo de las funciones y operaciones del Servicio de Transporte Colectivo, Metro.<br \/>\nEn el documento entregado esta tarde, los diputados federales indican que: \u201cSin duda, representa una tragedia la cantidad de personas que han perdido la vida o que han sufrido lesiones, por la incompetencia de quienes deber\u00edan garantizar su correcta y segura movilidad, ante lo cual estamos obligados a velar por que esto no siga aconteciendo y afectando a los millones de ciudadanos de toda la Rep\u00fablica que utilizan diariamente este servicio p\u00fablico. Quedamos pendientes del pronto tr\u00e1mite y respuesta a la presente petici\u00f3n\u201d.<\/p>\n<p>Cabe se\u00f1alar que, el pasado 7 de enero, los coordinadores de la Coalici\u00f3n Parlamentaria \u201cVa Por M\u00e9xico\u201d externaron su preocupaci\u00f3n por la cantidad de sucesos \u2013sin precedentes en gestiones anteriores- que se han generado y se siguen dando en esta red de transporte p\u00fablico a cargo del gobierno de la Ciudad de M\u00e9xico:<\/p>\n<p>El choque de trenes en el metro Tacubaya de 2020 (con saldo de una persona fallecida y 41 heridos); el incendio del Centro de Control (cerebro) del Metro en enero de 2021 (con la muerte de una mujer polic\u00eda y la afectaci\u00f3n en las operaciones de las l\u00edneas 1, 2, 3, 4, 5, y 6 as\u00ed como p\u00e9rdidas por m\u00e1s de 5 mmdp); el desplome del puente elevado de la L\u00ednea 12 en mayo tambi\u00e9n de 2021 (con 27 personas muertas y m\u00e1s de 80 lesionados); el incendio en la L\u00ednea 3 el 23 de octubre; el choque entre dos trenes del Metro en la L\u00ednea 3 entre las estaciones de La Raza y Potrero (con una persona fallecida y m\u00e1s de 80 heridas); sin contar con incendios; inundaciones, apagones, e infraestructura en p\u00e9simo estado.<br \/>\nIncluso, en la discusi\u00f3n de la Agenda Pol\u00edtica de la Comisi\u00f3n Permantente de este mi\u00e9rcoles, las y los diputados de PRD, PAN y PRI se refirieron al tema y enfatizaron el descuido de un sistema que est\u00e1 resultando mortal para sus m\u00e1s de cinco millones de usuarios.<\/p>\n","protected":false},"excerpt":{"rendered":"<p>Ciudad de M\u00e9xico a 11 de enero de 2023.-Los coordinadores de los grupos parlamentarios de los partidos de la Revoluci\u00f3n Democr\u00e1tica, Acci\u00f3n Nacional y Revolucionario Institucional en la C\u00e1mara de Diputados; Luis E. Ch\u00e1zaro, Jorge Romero Herrera y Rub\u00e9n Moreira Valdez, respectivamente, presentaron formalmente ante la Junta de Coordinaci\u00f3n Pol\u00edtica [&hellip;]<\/p>\n","protected":false},"author":1,"featured_media":8507,"comment_status":"open","ping_status":"open","sticky":false,"template":"","format":"standard","meta":[],"categories":[1],"tags":[],"_links":{"self":[{"href":"https:\/\/inforedguanajuato.com\/index.php?rest_route=\/wp\/v2\/posts\/8506"}],"collection":[{"href":"https:\/\/inforedguanajuato.com\/index.php?rest_route=\/wp\/v2\/posts"}],"about":[{"href":"https:\/\/inforedguanajuato.com\/index.php?rest_route=\/wp\/v2\/types\/post"}],"author":[{"embeddable":true,"href":"https:\/\/inforedguanajuato.com\/index.php?rest_route=\/wp\/v2\/users\/1"}],"replies":[{"embeddable":true,"href":"https:\/\/inforedguanajuato.com\/index.php?rest_route=%2Fwp%2Fv2%2Fcomments&post=8506"}],"version-history":[{"count":1,"href":"https:\/\/inforedguanajuato.com\/index.php?rest_route=\/wp\/v2\/posts\/8506\/revisions"}],"predecessor-version":[{"id":8508,"href":"https:\/\/inforedguanajuato.com\/index.php?rest_route=\/wp\/v2\/posts\/8506\/revisions\/8508"}],"wp:featuredmedia":[{"embeddable":true,"href":"https:\/\/inforedguanajuato.com\/index.php?rest_route=\/wp\/v2\/media\/8507"}],"wp:attachment":[{"href":"https:\/\/inforedguanajuato.com\/index.php?rest_route=%2Fwp%2Fv2%2Fmedia&parent=8506"}],"wp:term":[{"taxonomy":"category","embeddable":true,"href":"https:\/\/inforedguanajuato.com\/index.php?rest_route=%2Fwp%2Fv2%2Fcategories&post=8506"},{"taxonomy":"post_tag","embeddable":true,"href":"https:\/\/inforedguanajuato.com\/index.php?rest_route=%2Fwp%2Fv2%2Ftags&post=8506"}],"curies":[{"name":"wp","href":"https:\/\/api.w.org\/{rel}","templated":true}]}}