{"id":9174,"date":"2023-06-15T21:33:08","date_gmt":"2023-06-16T02:33:08","guid":{"rendered":"https:\/\/inforedguanajuato.com\/?p=9174"},"modified":"2023-06-15T21:33:09","modified_gmt":"2023-06-16T02:33:09","slug":"el-congreso-del-estado-de-guanajuato-formulan-punto-de-acuerdo-para-cesar-discursos-que-denigran-a-periodistas-briseida-magdaleno","status":"publish","type":"post","link":"https:\/\/inforedguanajuato.com\/?p=9174","title":{"rendered":"EL CONGRESO DEL ESTADO DE GUANAJUATO FORMULAN PUNTO DE ACUERDO PARA CESAR DISCURSOS QUE DENIGRAN A PERIODISTAS BRISEIDA MAGDALENO."},"content":{"rendered":"<p>Guanajuato, Gto 15 junio 2023. \u2013 El grupo parlamentario del Partido Acci\u00f3n Nacional present\u00f3 un punto de acuerdo que busca exhortar al Presidente de la Rep\u00fablica para que cese en la emisi\u00f3n a trav\u00e9s de su persona, de Ana Elizabeth Garc\u00eda Vilchis, directora de Redes de la Coordinaci\u00f3n General de Comunicaci\u00f3n Social y Vocer\u00eda de Presidencia o cualquiera que represente al Poder Ejecutivo Federal, de los discursos que se\u00f1alen a personas periodistas o medios de comunicaci\u00f3n por el ejercicio de su profesi\u00f3n y el ejercicio del derecho a la libertad de expresi\u00f3n.<\/p>\n<p>En las consideraciones, la diputada Briseida Anabel Magdaleno Gonz\u00e1lez indic\u00f3 que el derecho a la libertad de expresi\u00f3n de las ideas en M\u00e9xico se consagra en el art\u00edculo 6\u00b0 constitucional y se ve reforzado en el \u00e1mbito internacional.<\/p>\n<p>Refiri\u00f3 que la Relator\u00eda Especial para la Libertad de Expresi\u00f3n de la Comisi\u00f3n Interamericana de Derechos Humanos conden\u00f3 la incesante violencia contra la prensa en M\u00e9xico, haciendo un llamado al Estado Mexicano e insistiendo en la necesidad de que las autoridades federales activen acciones urgentes para la prevenci\u00f3n de la violencia contra periodistas.<\/p>\n<p>\u201cSeg\u00fan datos publicados por ARTICLE 19 Oficina para M\u00e9xico y Centroam\u00e9rica, 2 de cada 5 agresiones contra la prensa en M\u00e9xico son cometidas por autoridades. En ese sentido, las personas en la pol\u00edtica y funcionarias p\u00fablicas deben demostrar altos niveles de tolerancia hacia el reportaje period\u00edstico cr\u00edtico y abstenerse de hacer declaraciones que socaven la confianza del p\u00fablico en los medios como instituci\u00f3n democr\u00e1tica o que pongan en peligro la seguridad de periodistas y trabajadores de los medios\u201d, dijo.<\/p>\n<p>La legisladora refiri\u00f3 que observaban las manifestaciones que se han realizado tanto por el Presidente de la Rep\u00fablica, como por Ana Elizabeth Garc\u00eda Vilchis, actual directora de Redes de la Coordinaci\u00f3n General de Comunicaci\u00f3n Social y Vocer\u00eda de Presidencia, en las llamadas \u201cma\u00f1aneras\u201d y que han desatado una serie de manifestaciones, desprecio e incluso actos violentos en perjuicio de periodistas como Carlos Loret de Mola, Denise Dresser, Rafael Ram\u00edrez, Reina Haydee Ram\u00edrez, Joaqu\u00edn L\u00f3pez D\u00f3riga o las amenazas que recibi\u00f3 el peri\u00f3dico Reforma.<\/p>\n<p>Magdaleno Gonz\u00e1lez enunci\u00f3 que el exhorto se propon\u00eda para terminar con las expresiones de amenaza a las y los periodistas y los medios de comunicaci\u00f3n, as\u00ed como los emitidos con tendencia a la manipulaci\u00f3n de la poblaci\u00f3n mexicana, a la que se han estado dirigiendo mensajes de denostaci\u00f3n al trabajo de investigaci\u00f3n, period\u00edstico y de informaci\u00f3n, con discursos sobre la amenaza que representan al proyecto del poder pol\u00edtico que encabeza el Ejecutivo Federal.<\/p>\n<p>Finalmente, la diputada expres\u00f3 que la democracia se construye a trav\u00e9s de la tolerancia, la apertura y la deliberaci\u00f3n p\u00fablica en libertad, de tal manera que quien se beneficie sea la poblaci\u00f3n y no quien ejerce el poder, y destac\u00f3 el deber de promover la pluralidad de ideas para lograr el fin \u00faltimo del Estado democr\u00e1tico.<\/p>\n","protected":false},"excerpt":{"rendered":"<p>Guanajuato, Gto 15 junio 2023. \u2013 El grupo parlamentario del Partido Acci\u00f3n Nacional present\u00f3 un punto de acuerdo que busca exhortar al Presidente de la Rep\u00fablica para que cese en la emisi\u00f3n a trav\u00e9s de su persona, de Ana Elizabeth Garc\u00eda Vilchis, directora de Redes de la Coordinaci\u00f3n General de [&hellip;]<\/p>\n","protected":false},"author":1,"featured_media":9175,"comment_status":"open","ping_status":"open","sticky":false,"template":"","format":"standard","meta":[],"categories":[6],"tags":[],"_links":{"self":[{"href":"https:\/\/inforedguanajuato.com\/index.php?rest_route=\/wp\/v2\/posts\/9174"}],"collection":[{"href":"https:\/\/inforedguanajuato.com\/index.php?rest_route=\/wp\/v2\/posts"}],"about":[{"href":"https:\/\/inforedguanajuato.com\/index.php?rest_route=\/wp\/v2\/types\/post"}],"author":[{"embeddable":true,"href":"https:\/\/inforedguanajuato.com\/index.php?rest_route=\/wp\/v2\/users\/1"}],"replies":[{"embeddable":true,"href":"https:\/\/inforedguanajuato.com\/index.php?rest_route=%2Fwp%2Fv2%2Fcomments&post=9174"}],"version-history":[{"count":1,"href":"https:\/\/inforedguanajuato.com\/index.php?rest_route=\/wp\/v2\/posts\/9174\/revisions"}],"predecessor-version":[{"id":9176,"href":"https:\/\/inforedguanajuato.com\/index.php?rest_route=\/wp\/v2\/posts\/9174\/revisions\/9176"}],"wp:featuredmedia":[{"embeddable":true,"href":"https:\/\/inforedguanajuato.com\/index.php?rest_route=\/wp\/v2\/media\/9175"}],"wp:attachment":[{"href":"https:\/\/inforedguanajuato.com\/index.php?rest_route=%2Fwp%2Fv2%2Fmedia&parent=9174"}],"wp:term":[{"taxonomy":"category","embeddable":true,"href":"https:\/\/inforedguanajuato.com\/index.php?rest_route=%2Fwp%2Fv2%2Fcategories&post=9174"},{"taxonomy":"post_tag","embeddable":true,"href":"https:\/\/inforedguanajuato.com\/index.php?rest_route=%2Fwp%2Fv2%2Ftags&post=9174"}],"curies":[{"name":"wp","href":"https:\/\/api.w.org\/{rel}","templated":true}]}}