{"id":9420,"date":"2023-07-16T21:19:21","date_gmt":"2023-07-17T02:19:21","guid":{"rendered":"https:\/\/inforedguanajuato.com\/?p=9420"},"modified":"2023-07-16T21:19:22","modified_gmt":"2023-07-17T02:19:22","slug":"violencia-alarmante-contra-periodistas-en-mexico-gidh-exhibir-fotografias-de-presuntos-responsables-en-la-mananera-no-garantiza-justicia","status":"publish","type":"post","link":"https:\/\/inforedguanajuato.com\/?p=9420","title":{"rendered":"VIOLENCIA ALARMANTE CONTRA PERIODISTAS EN M\u00c9XICO: GIDH EXHIBIR FOTOGRAF\u00cdAS DE PRESUNTOS RESPONSABLES EN LA &#8220;MA\u00d1ANERA&#8221; NO GARANTIZA JUSTICIA."},"content":{"rendered":"<p>En M\u00e9xico, la violencia contra periodistas ha alcanzado niveles alarmantes, y esta situaci\u00f3n debilita gravemente la libertad de prensa, derecho concebido en la Declaraci\u00f3n Universal de Derechos Humanos de la Organizaci\u00f3n de las Naciones Unidas (ONU), afirm\u00f3 el Grupo Integral de Derechos Humanos (GIDH) &#8220;Lex-magister&#8221;.<\/p>\n<p>Su presidente, Jes\u00fas Rey Fierro Hern\u00e1ndez, resalt\u00f3 que en lo que va del a\u00f1o, siete comunicadores han sido asesinados de manera artera en el pa\u00eds. \u201cEsta cifra coloca a M\u00e9xico en el primer lugar de los pa\u00edses m\u00e1s peligrosos para ejercer el periodismo en el mundo\u201d.<\/p>\n<p>Enlist\u00f3 a los siete comunicadores asesinados, s\u00f3lo en los primeros siete meses de lo que va del a\u00f1o: Abisa\u00ed P\u00e9rez Romero, Ramiro Araujo Ochoa, H\u00e9ctor Dar\u00edo Reyes, Gerardo Torres Renter\u00eda, Marco Aurelio Ram\u00edrez, Luis Mart\u00edn S\u00e1nchez, y en la v\u00edspera a Nelson Matus Pe\u00f1a.<\/p>\n<p>\u201cEs necesario que el presidente Andr\u00e9s Manuel L\u00f3pez Obrador y la titular de la Secretar\u00eda de Gobernaci\u00f3n (Segob), Luisa Mar\u00eda Alcalde Luj\u00e1n, adopten medidas urgentes para fortalecer el mecanismo de protecci\u00f3n del gobierno federal, cese el hostigamiento a periodistas cr\u00edticos y asegure que los fiscales pongan fin a la impunidad casi absoluta de estos cr\u00edmenes\u201d, dijo.<\/p>\n<p>El doctor en derecho explic\u00f3 que Ucrania ocupa la primera posici\u00f3n en el mundo, con al menos 12 periodistas asesinados, en el contexto de una acci\u00f3n de guerra. Sin embargo, \u201cdesde que L\u00f3pez Obrador asumi\u00f3 la Presidencia, en diciembre de 2018, al menos, 35 periodistas han sido asesinados en M\u00e9xico con relaci\u00f3n a su labor period\u00edstica, sin contar a los comunicadores agredidos, con lesiones o amenazas.<\/p>\n<p>Fierro Hern\u00e1ndez, reconocido con el Premio Nacional de Derechos Humanos (2017), afirm\u00f3 que M\u00e9xico se ha convertido en uno de los pa\u00edses m\u00e1s peligrosos para los periodistas, especialmente en t\u00e9rminos de asesinatos por a\u00f1o. \u201cLas autoridades rara vez logran esclarecer estos cr\u00edmenes. Por si fuera poco, el mecanismo de protecci\u00f3n para defensores de derechos humanos y periodistas del gobierno federal tiene limitaciones para satisfacer todas las necesidades de protecci\u00f3n\u201d.<\/p>\n<p>El abogado litigante record\u00f3 que la impunidad prevalece en la mayor\u00eda de los casos de cr\u00edmenes en M\u00e9xico, incluyendo los asesinatos de periodistas. \u201cDe las 105 investigaciones realizadas por la Fiscal\u00eda Especial para la Atenci\u00f3n de Delitos cometidos contra la Libertad de Expresi\u00f3n (Feadle) desde su creaci\u00f3n en 2010, s\u00f3lo seis han resultado en condenas por homicidio. Ante la violencia, muchos periodistas recurren a la autocensura por temor a represalias. Esto es muy grave\u201d.<\/p>\n<p>Explic\u00f3 que en las conferencias de prensa matutinas del presidente L\u00f3pez Obrador, se exhiben nombres y fotograf\u00edas de presuntos responsables de asesinatos de periodistas y otros delitos. Sin embargo, \u201ceste enfoque no garantiza justicia, la mayor\u00eda de las denuncias penales en M\u00e9xico no avanzan m\u00e1s all\u00e1 de la etapa inicial de investigaci\u00f3n, incluso cuando las autoridades han identificado a los presuntos responsables\u201d.<\/p>\n<p>A manera de ejemplo, record\u00f3 el caso del atentado fallido contra el periodista Ciro G\u00f3mez Leyva, que contin\u00faa con vida gracias a que viajaba en un veh\u00edculo blindado, pero que a\u00fan se desconoce el m\u00f3vil del intento de asesinato; en el mismo rubro el caso del comunicador Carlos Jim\u00e9nez, que ha recibido amenazas por un presunto grupo de la delincuencia organizada\u201d.<\/p>\n<p>Afirm\u00f3 que, \u201cestamos solicitando audiencia con la titular de la Segob, Luisa Mar\u00eda Alcalde Luj\u00e1n, para abordar estos temas y sugerir que, en lugar de atacar y denigrar a los periodistas, el gobierno federal respalde la labor period\u00edstica y reconozca la importancia de su rol en la sociedad mexicana\u201d, expuso.<\/p>\n","protected":false},"excerpt":{"rendered":"<p>En M\u00e9xico, la violencia contra periodistas ha alcanzado niveles alarmantes, y esta situaci\u00f3n debilita gravemente la libertad de prensa, derecho concebido en la Declaraci\u00f3n Universal de Derechos Humanos de la Organizaci\u00f3n de las Naciones Unidas (ONU), afirm\u00f3 el Grupo Integral de Derechos Humanos (GIDH) &#8220;Lex-magister&#8221;. Su presidente, Jes\u00fas Rey Fierro [&hellip;]<\/p>\n","protected":false},"author":1,"featured_media":9421,"comment_status":"open","ping_status":"open","sticky":false,"template":"","format":"standard","meta":[],"categories":[1],"tags":[],"_links":{"self":[{"href":"https:\/\/inforedguanajuato.com\/index.php?rest_route=\/wp\/v2\/posts\/9420"}],"collection":[{"href":"https:\/\/inforedguanajuato.com\/index.php?rest_route=\/wp\/v2\/posts"}],"about":[{"href":"https:\/\/inforedguanajuato.com\/index.php?rest_route=\/wp\/v2\/types\/post"}],"author":[{"embeddable":true,"href":"https:\/\/inforedguanajuato.com\/index.php?rest_route=\/wp\/v2\/users\/1"}],"replies":[{"embeddable":true,"href":"https:\/\/inforedguanajuato.com\/index.php?rest_route=%2Fwp%2Fv2%2Fcomments&post=9420"}],"version-history":[{"count":1,"href":"https:\/\/inforedguanajuato.com\/index.php?rest_route=\/wp\/v2\/posts\/9420\/revisions"}],"predecessor-version":[{"id":9422,"href":"https:\/\/inforedguanajuato.com\/index.php?rest_route=\/wp\/v2\/posts\/9420\/revisions\/9422"}],"wp:featuredmedia":[{"embeddable":true,"href":"https:\/\/inforedguanajuato.com\/index.php?rest_route=\/wp\/v2\/media\/9421"}],"wp:attachment":[{"href":"https:\/\/inforedguanajuato.com\/index.php?rest_route=%2Fwp%2Fv2%2Fmedia&parent=9420"}],"wp:term":[{"taxonomy":"category","embeddable":true,"href":"https:\/\/inforedguanajuato.com\/index.php?rest_route=%2Fwp%2Fv2%2Fcategories&post=9420"},{"taxonomy":"post_tag","embeddable":true,"href":"https:\/\/inforedguanajuato.com\/index.php?rest_route=%2Fwp%2Fv2%2Ftags&post=9420"}],"curies":[{"name":"wp","href":"https:\/\/api.w.org\/{rel}","templated":true}]}}