{"id":9510,"date":"2023-07-29T13:08:27","date_gmt":"2023-07-29T18:08:27","guid":{"rendered":"https:\/\/inforedguanajuato.com\/?p=9510"},"modified":"2023-07-29T13:08:29","modified_gmt":"2023-07-29T18:08:29","slug":"llama-ruben-moreira-a-samuel-garcia-a-desplegar-policias-en-la-zona-de-colombia-y-anahuac-nl-a-americo-villarreal-le-pide-enfrentar-criminales-armados-en-tamaulipas","status":"publish","type":"post","link":"https:\/\/inforedguanajuato.com\/?p=9510","title":{"rendered":"LLAMA RUB\u00c9N MOREIRA A SAMUEL GARC\u00cdA, A DESPLEGAR POLIC\u00cdAS EN LA ZONA DE COLOMBIA Y AN\u00c1HUAC, NL; A AM\u00c9RICO VILLARREAL LE PIDE ENFRENTAR CRIMINALES ARMADOS EN TAMAULIPAS."},"content":{"rendered":"<p>Coahuila M\u00e9xico 29 julio 2023.- Luego de que fuerzas policiacas de Coahuila y militares se desplegaran para impedir la entrada de narcotraficantes, provenientes de Nuevo Le\u00f3n y Tamaulipas, el diputado federal Rub\u00e9n Moreira Valdez llam\u00f3, al gobernador de Nuevo Le\u00f3n, Samuel Garc\u00eda, a desplegar polic\u00edas en la zona de Colombia y An\u00e1huac, y al ejecutivo estatal de Tamaulipas, Am\u00e9rico Villarreal a enfrentar a los grupos criminales armados.<\/p>\n<p>En sus redes sociales, el coordinador del Grupo Parlamentario del PRI explic\u00f3 que los maleantes tienen sus bases en Nuevo Le\u00f3n y Tamaulipas, por lo que urgi\u00f3 a los mandatarios estatales neoleon\u00e9s y tamaulipeco a realizar operativos, a fin de evitar que convoyes de camionetas cargadas de narcos salgan de sus estados con rumbo a Coahuila.<\/p>\n<p>Los coahuilenses queremos la paz, destac\u00f3 el l\u00edder congresista, al tiempo que reconoci\u00f3 y apoy\u00f3 la labor realizada por el gobierno coahuilense; adem\u00e1s de manifestar orgullo y agradecimiento por el trabajo del Ej\u00e9rcito mexicano.<\/p>\n<p>\u201cEn la zona ribere\u00f1a fuerzas policiales de Coahuila y elementos de la Secretar\u00eda de la Defensa Nacional (Sedena), luchan para evitar que delincuentes armados entren a nuestra entidad\u201d, detall\u00f3 el exgobernador coahuilense, quien comparti\u00f3, en sus redes sociales, un video en el que se pueden observar los hechos.<\/p>\n<p>Adelant\u00f3 que en su programa Peras, Manzanas y Naranjas, a transmitirse este s\u00e1bado, en sus redes sociales, retomar\u00e1 el tema. Rub\u00e9n Moreira realizar\u00e1 un recuento y an\u00e1lisis de los temas importantes para los mexicanos, se puede acceder mediante https:\/\/www.youtube.com\/@ruben&#8230;.<\/p>\n","protected":false},"excerpt":{"rendered":"<p>Coahuila M\u00e9xico 29 julio 2023.- Luego de que fuerzas policiacas de Coahuila y militares se desplegaran para impedir la entrada de narcotraficantes, provenientes de Nuevo Le\u00f3n y Tamaulipas, el diputado federal Rub\u00e9n Moreira Valdez llam\u00f3, al gobernador de Nuevo Le\u00f3n, Samuel Garc\u00eda, a desplegar polic\u00edas en la zona de Colombia [&hellip;]<\/p>\n","protected":false},"author":1,"featured_media":9480,"comment_status":"open","ping_status":"open","sticky":false,"template":"","format":"standard","meta":[],"categories":[3],"tags":[],"_links":{"self":[{"href":"https:\/\/inforedguanajuato.com\/index.php?rest_route=\/wp\/v2\/posts\/9510"}],"collection":[{"href":"https:\/\/inforedguanajuato.com\/index.php?rest_route=\/wp\/v2\/posts"}],"about":[{"href":"https:\/\/inforedguanajuato.com\/index.php?rest_route=\/wp\/v2\/types\/post"}],"author":[{"embeddable":true,"href":"https:\/\/inforedguanajuato.com\/index.php?rest_route=\/wp\/v2\/users\/1"}],"replies":[{"embeddable":true,"href":"https:\/\/inforedguanajuato.com\/index.php?rest_route=%2Fwp%2Fv2%2Fcomments&post=9510"}],"version-history":[{"count":1,"href":"https:\/\/inforedguanajuato.com\/index.php?rest_route=\/wp\/v2\/posts\/9510\/revisions"}],"predecessor-version":[{"id":9511,"href":"https:\/\/inforedguanajuato.com\/index.php?rest_route=\/wp\/v2\/posts\/9510\/revisions\/9511"}],"wp:featuredmedia":[{"embeddable":true,"href":"https:\/\/inforedguanajuato.com\/index.php?rest_route=\/wp\/v2\/media\/9480"}],"wp:attachment":[{"href":"https:\/\/inforedguanajuato.com\/index.php?rest_route=%2Fwp%2Fv2%2Fmedia&parent=9510"}],"wp:term":[{"taxonomy":"category","embeddable":true,"href":"https:\/\/inforedguanajuato.com\/index.php?rest_route=%2Fwp%2Fv2%2Fcategories&post=9510"},{"taxonomy":"post_tag","embeddable":true,"href":"https:\/\/inforedguanajuato.com\/index.php?rest_route=%2Fwp%2Fv2%2Ftags&post=9510"}],"curies":[{"name":"wp","href":"https:\/\/api.w.org\/{rel}","templated":true}]}}