{"id":9535,"date":"2023-08-03T20:05:46","date_gmt":"2023-08-04T01:05:46","guid":{"rendered":"https:\/\/inforedguanajuato.com\/?p=9535"},"modified":"2023-08-03T20:05:47","modified_gmt":"2023-08-04T01:05:47","slug":"en-el-congreso-del-estado-de-guanajuato-se-analizan-propuestas-de-reforma-a-los-codigos-civil-y-de-justicia-administrativa","status":"publish","type":"post","link":"https:\/\/inforedguanajuato.com\/?p=9535","title":{"rendered":"EN EL CONGRESO DEL ESTADO DE GUANAJUATO SE ANALIZAN PROPUESTAS DE REFORMA A LOS C\u00d3DIGOS CIVIL Y DE JUSTICIA ADMINISTRATIVA"},"content":{"rendered":"<p>Guanajuato, Gto 3 Agosto 2023. \u2013 Las integrantes y los integrantes de la Comisi\u00f3n de Justicia analizaron dos iniciativas de reforma al C\u00f3digo de Procedimiento y Justicia Administrativa del Estado de Guanajuato y una m\u00e1s que busca reformar el C\u00f3digo Civil.<\/p>\n<p>La primera propuesta puesta a discusi\u00f3n persigue tutelar los derechos procesales de las partes en el juicio administrativo.<\/p>\n<p>Al hacer uso de la voz, Alfredo Israel Barr\u00f3n Dur\u00e1n, representante del Tribunal de Justicia Administrativa del Estado de Guanajuato, indic\u00f3 que las consecuencias jur\u00eddicas cuando se compruebe que con la suspensi\u00f3n provisional se causa prejuicio al orden p\u00fablico o al inter\u00e9s social, se tiene claridad en se\u00f1alar el actuar del juzgado en caso de su incompetencia. Adem\u00e1s de que la suspensi\u00f3n del acto o resoluci\u00f3n impugnada podr\u00e1 solicitarla el actor en su demanda o en cualquier momento del proceso.<\/p>\n<p>Por su parte, Carlos Manuel Torres Y\u00e1\u00f1ez, de la Coordinaci\u00f3n General Jur\u00eddica, expres\u00f3 que no resultar\u00eda indispensable incluir la incompetencia, debido a que ya se encuentra prevista en las normas locales, junto a que las modificaciones podr\u00edan retrasar el tr\u00e1mite de los procesos administrativos y se afectar\u00eda el principio de prontitud, as\u00ed como el derecho fundamental a la impartici\u00f3n de justicia pronta y expedita.<\/p>\n<p>En su intervenci\u00f3n, el diputado Gustavo Adolfo Reyes Alfaro precis\u00f3 que las normas procesales deben ser claras y que el fin de la iniciativa es que el gobernado sepa con certeza cu\u00e1ndo se le va a otorgar la suspensi\u00f3n definitiva.<\/p>\n<p>La segunda iniciativa puesta a discusi\u00f3n es la que busca crear medios como el inter\u00e9s leg\u00edtimo que permitan cuestionar las arbitrariedades que inciden de manera particular y cualificada en ciertos particulares afectados.<\/p>\n<p>Barr\u00f3n Dur\u00e1n, representante del Tribunal de Justicia Administrativa, explic\u00f3 que esta reforma ampliar\u00eda el \u00e1mbito de competencia de las autoridades administrativas estatales y municipales, as\u00ed como la protecci\u00f3n de los derechos humanos. Asimismo, sugiri\u00f3 revisar el impacto presupuestario.<\/p>\n<p>Por su parte, Carlos Alejandro Rodr\u00edguez Pacheco y Alejandro Dom\u00ednguez L\u00f3pez Velarde, de la Coordinaci\u00f3n General Jur\u00eddica, coincidieron en la necesidad de poner atenci\u00f3n especial en el impacto presupuestario; adem\u00e1s solicitaron delimitar los conceptos relativos al inter\u00e9s simple, leg\u00edtimo y jur\u00eddico conforme a lo referido por los criterios de la Suprema Corte de Justicia; as\u00ed como distinguir en qu\u00e9 consiste el inter\u00e9s colectivo.<br \/>\nAl hacer uso de la voz, la diputada Susana Berm\u00fadez Cano indic\u00f3 que deben evitarse ocasionar dilaciones en el acceso a la justicia. Agreg\u00f3 que toda iniciativa debe priorizar las problem\u00e1ticas con el objetivo de no impactar los presupuestos de las instituciones.<\/p>\n<p>A propuesta de la legisladora Cristina M\u00e1rquez Alcal\u00e1, se acord\u00f3 solicitar la opini\u00f3n de los 46 ayuntamientos, as\u00ed como un estudio a la Unidad de las Finanzas P\u00fablicas para conocer cu\u00e1l podr\u00eda ser el impacto presupuestal y una revisi\u00f3n sobre el impacto jur\u00eddico por parte de los distintos cuerpos de asesores.<\/p>\n<p>Respecto a la iniciativa de reforma al C\u00f3digo Civil para el Estado de Guanajuato que pretende eliminar las anotaciones por reconocimiento en las actas de nacimiento, se propuso por parte de la presidencia incorporar en la norma que de existir la voluntad del reconocido, el oficial del registro civil asentar\u00e1 la anotaci\u00f3n de reconocimiento.<\/p>\n<p>Tambi\u00e9n se precis\u00f3 que una vez asentada la anotaci\u00f3n del reconocimiento, se deber\u00e1 levantar nueva acta de nacimiento; que el acta de nacimiento original quedar\u00e1 reservada y no se publicar\u00e1 ni expedir\u00e1 constancia alguna, salvo mandamiento judicial; y que la resoluci\u00f3n judicial sea un modo de reconocimiento de hijas o hijos posterior al registro. La propuesta fue aprobada.<\/p>\n<p>Finalmente se radic\u00f3 la iniciativa que plantea reformar y adicionar diversas disposiciones a la Ley del Notariado para el Estado de Guanajuato con el objeto de regular el procedimiento mediante el cual una notaria o notario auxiliar podr\u00e1 obtener la titularidad de la notar\u00eda en la que act\u00faa en los supuestos de fallecimiento, renuncia o retiro del f\u00edat del titular.<\/p>\n","protected":false},"excerpt":{"rendered":"<p>Guanajuato, Gto 3 Agosto 2023. \u2013 Las integrantes y los integrantes de la Comisi\u00f3n de Justicia analizaron dos iniciativas de reforma al C\u00f3digo de Procedimiento y Justicia Administrativa del Estado de Guanajuato y una m\u00e1s que busca reformar el C\u00f3digo Civil. La primera propuesta puesta a discusi\u00f3n persigue tutelar los [&hellip;]<\/p>\n","protected":false},"author":1,"featured_media":9536,"comment_status":"open","ping_status":"open","sticky":false,"template":"","format":"standard","meta":[],"categories":[6],"tags":[],"_links":{"self":[{"href":"https:\/\/inforedguanajuato.com\/index.php?rest_route=\/wp\/v2\/posts\/9535"}],"collection":[{"href":"https:\/\/inforedguanajuato.com\/index.php?rest_route=\/wp\/v2\/posts"}],"about":[{"href":"https:\/\/inforedguanajuato.com\/index.php?rest_route=\/wp\/v2\/types\/post"}],"author":[{"embeddable":true,"href":"https:\/\/inforedguanajuato.com\/index.php?rest_route=\/wp\/v2\/users\/1"}],"replies":[{"embeddable":true,"href":"https:\/\/inforedguanajuato.com\/index.php?rest_route=%2Fwp%2Fv2%2Fcomments&post=9535"}],"version-history":[{"count":1,"href":"https:\/\/inforedguanajuato.com\/index.php?rest_route=\/wp\/v2\/posts\/9535\/revisions"}],"predecessor-version":[{"id":9537,"href":"https:\/\/inforedguanajuato.com\/index.php?rest_route=\/wp\/v2\/posts\/9535\/revisions\/9537"}],"wp:featuredmedia":[{"embeddable":true,"href":"https:\/\/inforedguanajuato.com\/index.php?rest_route=\/wp\/v2\/media\/9536"}],"wp:attachment":[{"href":"https:\/\/inforedguanajuato.com\/index.php?rest_route=%2Fwp%2Fv2%2Fmedia&parent=9535"}],"wp:term":[{"taxonomy":"category","embeddable":true,"href":"https:\/\/inforedguanajuato.com\/index.php?rest_route=%2Fwp%2Fv2%2Fcategories&post=9535"},{"taxonomy":"post_tag","embeddable":true,"href":"https:\/\/inforedguanajuato.com\/index.php?rest_route=%2Fwp%2Fv2%2Ftags&post=9535"}],"curies":[{"name":"wp","href":"https:\/\/api.w.org\/{rel}","templated":true}]}}