{"id":9605,"date":"2023-08-12T19:32:38","date_gmt":"2023-08-13T00:32:38","guid":{"rendered":"https:\/\/inforedguanajuato.com\/?p=9605"},"modified":"2023-08-12T19:32:38","modified_gmt":"2023-08-13T00:32:38","slug":"participan-300-jovenes-de-todo-el-pais-en-el-parlamento-juvenil-en-la-camara-de-diputados-discutiran-15-iniciativas-destacan-temas-de-seguridad-prision-preventiva-inteligencia-artificial-eutanasia","status":"publish","type":"post","link":"https:\/\/inforedguanajuato.com\/?p=9605","title":{"rendered":"PARTICIPAN 300 J\u00d3VENES DE TODO EL PA\u00cdS EN EL PARLAMENTO JUVENIL EN LA C\u00c1MARA DE DIPUTADOS DISCUTIR\u00c1N 15 INICIATIVAS, DESTACAN TEMAS DE SEGURIDAD, PRISI\u00d3N PREVENTIVA, INTELIGENCIA ARTIFICIAL, EUTANASIA, SALUD, DISCAPACIDAD, ENTRE OTROS."},"content":{"rendered":"<p>CD MEXICO SAN LAZARO 12 Agosto 2023.- En unos a\u00f1os m\u00e1s vamos a ver a muchos de ustedes aqu\u00ed ya como legisladoras y legisladores, afirm\u00f3 la diputada Sue Ellen Bernal Bolnik (PRI), al inaugurar el Parlamento Juvenil Por M\u00e9xico, en el que participan 300 j\u00f3venes, de todo el pa\u00eds, con trabajo legislativo, en el Sal\u00f3n de Plenos del recinto de San L\u00e1zaro.<br \/>\nAcompa\u00f1ada por la presidenta de la Comisi\u00f3n de Juventud, Karla Ayala Villalobos, manifest\u00f3 su benepl\u00e1cito por el trabajo de muchos meses que realizaron los representantes juveniles, a nombre de los distintos grupos parlamentarios, para hoy discutir 15 iniciativas, entre las que destacan temas de seguridad, prisi\u00f3n preventiva, inteligencia artificial, eutanasia, salud, discapacidad, entre otros.<br \/>\n\u201cQue sea para bien, s\u00ed, de la educaci\u00f3n de los j\u00f3venes, pero que este Parlamento sea para el bien de M\u00e9xico\u201d, resalt\u00f3 Sue Ellen Bernal.<br \/>\nPor su parte, la diputada Karla Ayala Villalobos celebr\u00f3 la respuesta a la convocatoria realizada por la Red J\u00f3venes por M\u00e9xico y destac\u00f3 que el pa\u00eds necesita ideas nuevas, frescas y que den otra perspectiva para generar el factor de cambio que requiere la naci\u00f3n.<br \/>\n\u201cEstamos viviendo momentos muy complicados en temas de violencia, en temas de desapariciones de personas, en materia de educaci\u00f3n y tambi\u00e9n en temas de salud\u201d, remarc\u00f3 la legisladora priista, para luego insistir en la importancia de que la juventud haga mancuerna con la experiencia para lograr pol\u00edticas p\u00fablicas que generen grandes cambios en la sociedad.<br \/>\nAyala Villalobos invit\u00f3 a los j\u00f3venes a participar y competir en las elecciones de 2024, \u201cnosotros ya abrimos la puerta, ahora les toca a todos ustedes exigir esos espacios\u201d, para luego se\u00f1alar que las juventudes tienen la gran responsabilidad de ser una generaci\u00f3n m\u00e1s preparada y dar soluci\u00f3n a las situaciones que aquejan al pa\u00eds.<br \/>\nEn el acto inaugural, Carlos Moris Espinosa Abouchard y Luis Eduardo Vega Dulac, consejero nacional y secretario general de la Red Juvenil por M\u00e9xico, respectivamente, agradecieron a las legisladoras este esfuerzo y reiteraron su compromiso de seguir trabajando en pro de las juventudes para brindar nuevas visiones.<br \/>\nLuego de emitir durante ocho horas sus posturas en tem\u00e1ticas sobre la protecci\u00f3n de los derechos de las mujeres, salud mental, diversidad sexual, captaci\u00f3n del agua, la clausura de los trabajos del Parlamento Juvenil estar\u00e1 a cargo de Luis Eduardo Vega Dulac, presidente de la Mesa Directiva; Mart\u00ed Ferran Ar\u00e9valo Niembro, coordinador del Grupo Parlamentario Guinda y presidente de la Junta de Coordinaci\u00f3n Pol\u00edtica; Ana Gabriela L\u00f3pez Navarro, coordinadora del Grupo Parlamentario Azul, y de Jos\u00e9 Braulio Manzaneque S\u00e1nchez, subsecretario general del Consejo Nacional de la Red Juvenil por M\u00e9xico.<\/p>\n","protected":false},"excerpt":{"rendered":"<p>CD MEXICO SAN LAZARO 12 Agosto 2023.- En unos a\u00f1os m\u00e1s vamos a ver a muchos de ustedes aqu\u00ed ya como legisladoras y legisladores, afirm\u00f3 la diputada Sue Ellen Bernal Bolnik (PRI), al inaugurar el Parlamento Juvenil Por M\u00e9xico, en el que participan 300 j\u00f3venes, de todo el pa\u00eds, con [&hellip;]<\/p>\n","protected":false},"author":1,"featured_media":9606,"comment_status":"open","ping_status":"open","sticky":false,"template":"","format":"standard","meta":[],"categories":[3],"tags":[],"_links":{"self":[{"href":"https:\/\/inforedguanajuato.com\/index.php?rest_route=\/wp\/v2\/posts\/9605"}],"collection":[{"href":"https:\/\/inforedguanajuato.com\/index.php?rest_route=\/wp\/v2\/posts"}],"about":[{"href":"https:\/\/inforedguanajuato.com\/index.php?rest_route=\/wp\/v2\/types\/post"}],"author":[{"embeddable":true,"href":"https:\/\/inforedguanajuato.com\/index.php?rest_route=\/wp\/v2\/users\/1"}],"replies":[{"embeddable":true,"href":"https:\/\/inforedguanajuato.com\/index.php?rest_route=%2Fwp%2Fv2%2Fcomments&post=9605"}],"version-history":[{"count":1,"href":"https:\/\/inforedguanajuato.com\/index.php?rest_route=\/wp\/v2\/posts\/9605\/revisions"}],"predecessor-version":[{"id":9607,"href":"https:\/\/inforedguanajuato.com\/index.php?rest_route=\/wp\/v2\/posts\/9605\/revisions\/9607"}],"wp:featuredmedia":[{"embeddable":true,"href":"https:\/\/inforedguanajuato.com\/index.php?rest_route=\/wp\/v2\/media\/9606"}],"wp:attachment":[{"href":"https:\/\/inforedguanajuato.com\/index.php?rest_route=%2Fwp%2Fv2%2Fmedia&parent=9605"}],"wp:term":[{"taxonomy":"category","embeddable":true,"href":"https:\/\/inforedguanajuato.com\/index.php?rest_route=%2Fwp%2Fv2%2Fcategories&post=9605"},{"taxonomy":"post_tag","embeddable":true,"href":"https:\/\/inforedguanajuato.com\/index.php?rest_route=%2Fwp%2Fv2%2Ftags&post=9605"}],"curies":[{"name":"wp","href":"https:\/\/api.w.org\/{rel}","templated":true}]}}