{"id":9763,"date":"2023-09-03T22:17:30","date_gmt":"2023-09-04T03:17:30","guid":{"rendered":"https:\/\/inforedguanajuato.com\/?p=9763"},"modified":"2023-09-03T22:17:31","modified_gmt":"2023-09-04T03:17:31","slug":"diputado-federal-de-morena-renuncia-a-su-partido-y-se-va-al-pri","status":"publish","type":"post","link":"https:\/\/inforedguanajuato.com\/?p=9763","title":{"rendered":"DIPUTADO FEDERAL DE MORENA RENUNCIA A SU PARTIDO Y SE VA AL PRI."},"content":{"rendered":"<p>CD MEXICO SAN LAZARO 3 SEPTIEMBRE 2023.- Las y los diputados del Grupo Parlamentario del PRI dieron la bienvenida al legislador Vicente Onofre V\u00e1zquez, quien hoy se suma a la bancada coordinada por Rub\u00e9n Moreira Valdez.<\/p>\n<p>\u201cEstamos seguros de que su experiencia, capacidad y talento, contribuir\u00e1n enormemente a fortalecer el trabajo que venimos realizando en beneficio de M\u00e9xico\u201d, apuntaron en sus redes sociales.<\/p>\n<p>\u201c\u00a1Vamos con todo, sumando y construyendo en favor de M\u00e9xico!\u201d, apunt\u00f3 el diputado federal y Presidente nacional de este instituto pol\u00edtico, Alejandro Moreno.<\/p>\n<p>Por su parte, Vicente Onofre se\u00f1al\u00f3 que adherirse al Revolucionario Institucional significa tomar el camino correcto, pues detall\u00f3 que actualmente el gobierno no quiere aceptar las problem\u00e1ticas que enfrenta nuestro pa\u00eds, como son la inseguridad y el rezago en las comunidades.<\/p>\n<p>Destac\u00f3 que entre los temas que impulsar\u00e1 est\u00e1n los que sean de beneficio para las mujeres y los menores de edad, as\u00ed como para impulsar el empleo y la seguridad.<\/p>\n<p>El legislador por segunda vez, es licenciado en Derecho y tiene una maestr\u00eda en Derecho Penal, adem\u00e1s de que cuenta con una certificaci\u00f3n en Materia de Transparencia, Elecciones, Representaci\u00f3n Pol\u00edtica y Gobernanza.<\/p>\n","protected":false},"excerpt":{"rendered":"<p>CD MEXICO SAN LAZARO 3 SEPTIEMBRE 2023.- Las y los diputados del Grupo Parlamentario del PRI dieron la bienvenida al legislador Vicente Onofre V\u00e1zquez, quien hoy se suma a la bancada coordinada por Rub\u00e9n Moreira Valdez. \u201cEstamos seguros de que su experiencia, capacidad y talento, contribuir\u00e1n enormemente a fortalecer el [&hellip;]<\/p>\n","protected":false},"author":1,"featured_media":9764,"comment_status":"open","ping_status":"open","sticky":false,"template":"","format":"standard","meta":[],"categories":[1],"tags":[],"_links":{"self":[{"href":"https:\/\/inforedguanajuato.com\/index.php?rest_route=\/wp\/v2\/posts\/9763"}],"collection":[{"href":"https:\/\/inforedguanajuato.com\/index.php?rest_route=\/wp\/v2\/posts"}],"about":[{"href":"https:\/\/inforedguanajuato.com\/index.php?rest_route=\/wp\/v2\/types\/post"}],"author":[{"embeddable":true,"href":"https:\/\/inforedguanajuato.com\/index.php?rest_route=\/wp\/v2\/users\/1"}],"replies":[{"embeddable":true,"href":"https:\/\/inforedguanajuato.com\/index.php?rest_route=%2Fwp%2Fv2%2Fcomments&post=9763"}],"version-history":[{"count":1,"href":"https:\/\/inforedguanajuato.com\/index.php?rest_route=\/wp\/v2\/posts\/9763\/revisions"}],"predecessor-version":[{"id":9765,"href":"https:\/\/inforedguanajuato.com\/index.php?rest_route=\/wp\/v2\/posts\/9763\/revisions\/9765"}],"wp:featuredmedia":[{"embeddable":true,"href":"https:\/\/inforedguanajuato.com\/index.php?rest_route=\/wp\/v2\/media\/9764"}],"wp:attachment":[{"href":"https:\/\/inforedguanajuato.com\/index.php?rest_route=%2Fwp%2Fv2%2Fmedia&parent=9763"}],"wp:term":[{"taxonomy":"category","embeddable":true,"href":"https:\/\/inforedguanajuato.com\/index.php?rest_route=%2Fwp%2Fv2%2Fcategories&post=9763"},{"taxonomy":"post_tag","embeddable":true,"href":"https:\/\/inforedguanajuato.com\/index.php?rest_route=%2Fwp%2Fv2%2Ftags&post=9763"}],"curies":[{"name":"wp","href":"https:\/\/api.w.org\/{rel}","templated":true}]}}