{"id":98,"date":"2019-06-04T21:48:48","date_gmt":"2019-06-05T02:48:48","guid":{"rendered":"http:\/\/inforedguanajuato.com\/?p=98"},"modified":"2019-06-04T21:48:48","modified_gmt":"2019-06-05T02:48:48","slug":"pide-el-grupo-parlamentario-del-pri-en-el-congreso-del-estado-reasignacion-presupuestal-del-gobierno-estatal-en-apoyo-a-las-estancias-infantiles","status":"publish","type":"post","link":"https:\/\/inforedguanajuato.com\/?p=98","title":{"rendered":"PIDE EL GRUPO PARLAMENTARIO DEL PRI EN EL CONGRESO DEL ESTADO REASIGNACI\u00d3N PRESUPUESTAL DEL GOBIERNO ESTATAL EN APOYO A LAS ESTANCIAS INFANTILES."},"content":{"rendered":"<p>&nbsp;<\/p>\n<p><!--more--><\/p>\n<p>Guanajuato, Gto. 4 Jun. (GPPRI).- El Grupo Parlamentario del PRI impuls\u00f3 hoy un exhorto al Gobernador para que lleve a cabo una reasignaci\u00f3n presupuestal vasta, a fin de que puedan operar sin ning\u00fan inconveniente las estancias infantiles que han quedado sin recursos por parte del gobierno federal.<\/p>\n<p>El objetivo de este exhorto suscrito por las diputadas y diputados del Revolucionario Institucional es que las familias que fueron beneficiarias del programa de estancias infantiles para madres trabajadoras y padres solos, no se vean afectados.<\/p>\n<p>En tribuna, el diputado H\u00e9ctor Hugo Varela Flores, se\u00f1al\u00f3 que ante la decisi\u00f3n del Gobierno Federal de recortar significativamente el presupuesto para este 2019, de 4 mil 070 millones de pesos correspondientes al a\u00f1o 2018 a 2 mil 041 millones de pesos, en Guanajuato se registr\u00f3 una afectaci\u00f3n a 467 estancias infantiles, lo que se traduce en m\u00e1s de 18 mil ni\u00f1os y familias que quedaron sin este beneficio.<\/p>\n<p>El diputado Varela record\u00f3 que en la sesi\u00f3n del 15 de febrero del Congreso del Estado, el GPPRI impuls\u00f3 un exhorto al Ejecutivo Federal para que rectificara, el cual no tuvo una respuesta.<\/p>\n<p>Posteriormente en la sesi\u00f3n del pleno del 28 de marzo el GRPPRI propuso un nuevo punto de acuerdo mediante el cual se hace un respetuoso exhorto al Gobernador del Estado, para que con recurso estatal, realice una reasignaci\u00f3n presupuestal a fin de que las familias, as\u00ed como las ni\u00f1as y ni\u00f1os beneficiarios del programa de \u201cestancias infantiles\u201d no se vean afectadas por la falta de recurso federal.<\/p>\n<p>Asimismo, para que las propias estancias infantiles puedan operar sin ning\u00fan inconveniente, en aras de brindar apoyo para las madres trabajadoras y padres solos.<\/p>\n<p>El diputado Hugo Varela resalt\u00f3 que el contenido de este dictamen ya fue discutido en el seno de la comisi\u00f3n de Desarrollo Econ\u00f3mico y Social; en donde fueron expuestos varios puntos de vista coincidentes en el sentido de que resulta innegable que el estado mexicano tiene la obligaci\u00f3n de promover, proteger, respetar y garantizar los derechos humanos en general y, en particular, de las ni\u00f1as y ni\u00f1os.<\/p>\n<p>El pretender argumentar, de manera gen\u00e9rica, presuntos actos de corrupci\u00f3n, irregularidades o problemas administrativos en la implementaci\u00f3n de las pol\u00edticas p\u00fablicas encaminadas a garantizar los derechos humanos, no exime al poder p\u00fablico de cumplir con sus obligaciones, ni justifica el que se dejen de proteger los derechos humanos.<\/p>\n<p>El legislador agradeci\u00f3 la participaci\u00f3n de la diputada Ma. Del Carmen Vaca Gonz\u00e1lez y a los diputados Miguel Salim, V\u00edctor Zanella Huerta y Juan Antonio Acosta Cano para enriquecer la propuesta del GPPRI, cuyo dictamen fue emitido por la Comisi\u00f3n de Desarrollo Econ\u00f3mico.<\/p>\n<p>&nbsp;<\/p>\n<p>&nbsp;<\/p>\n<p>&nbsp;<\/p>\n<p>&nbsp;<\/p>\n","protected":false},"excerpt":{"rendered":"<p>&nbsp;<\/p>\n","protected":false},"author":1,"featured_media":99,"comment_status":"open","ping_status":"open","sticky":false,"template":"","format":"standard","meta":[],"categories":[6],"tags":[],"_links":{"self":[{"href":"https:\/\/inforedguanajuato.com\/index.php?rest_route=\/wp\/v2\/posts\/98"}],"collection":[{"href":"https:\/\/inforedguanajuato.com\/index.php?rest_route=\/wp\/v2\/posts"}],"about":[{"href":"https:\/\/inforedguanajuato.com\/index.php?rest_route=\/wp\/v2\/types\/post"}],"author":[{"embeddable":true,"href":"https:\/\/inforedguanajuato.com\/index.php?rest_route=\/wp\/v2\/users\/1"}],"replies":[{"embeddable":true,"href":"https:\/\/inforedguanajuato.com\/index.php?rest_route=%2Fwp%2Fv2%2Fcomments&post=98"}],"version-history":[{"count":1,"href":"https:\/\/inforedguanajuato.com\/index.php?rest_route=\/wp\/v2\/posts\/98\/revisions"}],"predecessor-version":[{"id":100,"href":"https:\/\/inforedguanajuato.com\/index.php?rest_route=\/wp\/v2\/posts\/98\/revisions\/100"}],"wp:featuredmedia":[{"embeddable":true,"href":"https:\/\/inforedguanajuato.com\/index.php?rest_route=\/wp\/v2\/media\/99"}],"wp:attachment":[{"href":"https:\/\/inforedguanajuato.com\/index.php?rest_route=%2Fwp%2Fv2%2Fmedia&parent=98"}],"wp:term":[{"taxonomy":"category","embeddable":true,"href":"https:\/\/inforedguanajuato.com\/index.php?rest_route=%2Fwp%2Fv2%2Fcategories&post=98"},{"taxonomy":"post_tag","embeddable":true,"href":"https:\/\/inforedguanajuato.com\/index.php?rest_route=%2Fwp%2Fv2%2Ftags&post=98"}],"curies":[{"name":"wp","href":"https:\/\/api.w.org\/{rel}","templated":true}]}}