{"id":9832,"date":"2023-09-17T22:08:46","date_gmt":"2023-09-18T03:08:46","guid":{"rendered":"https:\/\/inforedguanajuato.com\/?p=9832"},"modified":"2023-09-17T22:08:47","modified_gmt":"2023-09-18T03:08:47","slug":"en-mexico-se-construye-una-verdadera-democracia-de-la-mano-de-morena-medina-filigrana","status":"publish","type":"post","link":"https:\/\/inforedguanajuato.com\/?p=9832","title":{"rendered":"EN M\u00c9XICO, SE CONSTRUYE UNA VERDADERA DEMOCRACIA DE LA MANO DE MORENA: MEDINA FILIGRANA"},"content":{"rendered":"<p>CD MEXICO 17 septiembre 2023.-M\u00e9xico vive un verdadero proceso de democracia de la mano del presidente Andr\u00e9s Manuel L\u00f3pez Obrador, hecho hist\u00f3rico que ya empodera a las pr\u00f3ximas generaciones de mexicanos, as\u00ed lo afirm\u00f3 el diputado federal Marcos Rosendo Medina Filigrana.<\/p>\n<p>\u201cEmpoderar a las pr\u00f3ximas generaciones es una inversi\u00f3n en el futuro democr\u00e1tico s\u00f3lido y vibrante que nos est\u00e1 dejando como herencia el presidente L\u00f3pez Obrador a todos los mexicanos; al garantizar que los puntos de vista de los j\u00f3venes se incluyan en las decisiones que afectan sus vidas y sus comunidades, estamos sentando las bases para un mundo m\u00e1s equitativo, justo y democr\u00e1tico\u201d, dijo.<\/p>\n<p>En el marco de la Semana Internacional de la Democracia, que impulsa la Organizaci\u00f3n de las Naciones Unidas (ONU), el legislador federal por el partido Movimiento de Regeneraci\u00f3n Nacional (Morena) record\u00f3 que por d\u00e9cadas, \u201cmillones de personas fueron mancilladas por actos sistem\u00e1ticos de corrupci\u00f3n, acciones que s\u00f3lo beneficiaban a un pu\u00f1ado de personas, y que, lesionaban a toda la sociedad\u201d.<\/p>\n<p>En esta jornada, que se realiza en los 193 pa\u00edses afiliados a la ONU, entre ellos M\u00e9xico, se suma nuestro pa\u00eds aunado a su fiesta patria, como un verdadero ejercicio p\u00fablico a favor de todas las personas en el pa\u00eds, en particular las m\u00e1s vulnerables, de la mano de las pol\u00edticas p\u00fablicas que impulsa el presidente L\u00f3pez Obrador con su Proyecto de Naci\u00f3n.<\/p>\n<p>\u201cEl mundo se une para reflexionar sobre los desaf\u00edos sin resolver, como el cambio clim\u00e1tico y la inestabilidad financiera, y donde las democracias enfrentan presiones diversas que constri\u00f1en el espacio c\u00edvico, es crucial reconocer el papel esencial de la juventud en el progreso de la democracia, tal y como el gobierno mexicano lo hace desde que L\u00f3pez Obrador asumi\u00f3 el poder en 2018\u201d, expuso.<\/p>\n<p>Medina Filigrana resalt\u00f3 que las nuevas generaciones son, indiscutiblemente, \u201clos guardianes actuales y futuros de la democracia\u201d. En un momento en el que \u201cla informaci\u00f3n err\u00f3nea y la desinformaci\u00f3n envenenan el discurso p\u00fablico y erosionan la confianza en las instituciones, es imperativo que los j\u00f3venes sean part\u00edcipes activos en la toma de decisiones que afectan profundamente su entorno\u201d.<\/p>\n<p>\u201cEn este proceso de democracia, la propagaci\u00f3n de la informaci\u00f3n err\u00f3nea y la desinformaci\u00f3n polariza comunidades y socava la confianza en las instituciones democr\u00e1ticas. La juventud se encuentra particularmente en riesgo frente a esta avalancha de informaci\u00f3n falsa, lo que refuerza la necesidad de empoderar a la pr\u00f3xima generaci\u00f3n en la defensa y promoci\u00f3n de sus derechos\u201d, sostuvo.<\/p>\n<p>Marcos Rosendo, hizo un llamado para que todos los sectores de la sociedad participen de manera activa en esta fiesta democr\u00e1tica para el pa\u00eds, en la v\u00edspera de tener la jornada democr\u00e1tica m\u00e1s grande, con relaci\u00f3n a las elecciones de junio pr\u00f3ximo donde se pondr\u00e1n en juego m\u00e1s de 20 mil cargos de elecci\u00f3n popular.<\/p>\n<p>\u201cLa democracia es un viaje constante donde los j\u00f3venes son nuestros compa\u00f1eros de ruta m\u00e1s valiosos. Hoy, tienen garantizada su voz y participaci\u00f3n en la construcci\u00f3n de un M\u00e9xico m\u00e1s s\u00f3lido, pr\u00f3spero y equitativo; un pa\u00eds donde la democracia no es solo un ideal, sino una realidad que ya podemos disfrutar. Es hora de ofrecerles m\u00e1s herramientas\u201d, expuso el pol\u00edtico tabasque\u00f1o.<\/p>\n","protected":false},"excerpt":{"rendered":"<p>CD MEXICO 17 septiembre 2023.-M\u00e9xico vive un verdadero proceso de democracia de la mano del presidente Andr\u00e9s Manuel L\u00f3pez Obrador, hecho hist\u00f3rico que ya empodera a las pr\u00f3ximas generaciones de mexicanos, as\u00ed lo afirm\u00f3 el diputado federal Marcos Rosendo Medina Filigrana. \u201cEmpoderar a las pr\u00f3ximas generaciones es una inversi\u00f3n en [&hellip;]<\/p>\n","protected":false},"author":1,"featured_media":9833,"comment_status":"open","ping_status":"open","sticky":false,"template":"","format":"standard","meta":[],"categories":[7],"tags":[],"_links":{"self":[{"href":"https:\/\/inforedguanajuato.com\/index.php?rest_route=\/wp\/v2\/posts\/9832"}],"collection":[{"href":"https:\/\/inforedguanajuato.com\/index.php?rest_route=\/wp\/v2\/posts"}],"about":[{"href":"https:\/\/inforedguanajuato.com\/index.php?rest_route=\/wp\/v2\/types\/post"}],"author":[{"embeddable":true,"href":"https:\/\/inforedguanajuato.com\/index.php?rest_route=\/wp\/v2\/users\/1"}],"replies":[{"embeddable":true,"href":"https:\/\/inforedguanajuato.com\/index.php?rest_route=%2Fwp%2Fv2%2Fcomments&post=9832"}],"version-history":[{"count":1,"href":"https:\/\/inforedguanajuato.com\/index.php?rest_route=\/wp\/v2\/posts\/9832\/revisions"}],"predecessor-version":[{"id":9834,"href":"https:\/\/inforedguanajuato.com\/index.php?rest_route=\/wp\/v2\/posts\/9832\/revisions\/9834"}],"wp:featuredmedia":[{"embeddable":true,"href":"https:\/\/inforedguanajuato.com\/index.php?rest_route=\/wp\/v2\/media\/9833"}],"wp:attachment":[{"href":"https:\/\/inforedguanajuato.com\/index.php?rest_route=%2Fwp%2Fv2%2Fmedia&parent=9832"}],"wp:term":[{"taxonomy":"category","embeddable":true,"href":"https:\/\/inforedguanajuato.com\/index.php?rest_route=%2Fwp%2Fv2%2Fcategories&post=9832"},{"taxonomy":"post_tag","embeddable":true,"href":"https:\/\/inforedguanajuato.com\/index.php?rest_route=%2Fwp%2Fv2%2Ftags&post=9832"}],"curies":[{"name":"wp","href":"https:\/\/api.w.org\/{rel}","templated":true}]}}